{"id":1000,"date":"2023-01-25T12:02:00","date_gmt":"2023-01-25T17:02:00","guid":{"rendered":"https:\/\/www.restaurantscanada.org\/industry-news\/restaurants-canada-urges-toronto-to-reconsider-changes-to-permanent-cafeto\/"},"modified":"2023-01-25T12:02:00","modified_gmt":"2023-01-25T17:02:00","slug":"restaurants-canada-urges-toronto-to-reconsider-changes-to-permanent-cafeto","status":"publish","type":"post","link":"https:\/\/www.restaurantscanada.org\/fr\/restaurants-canada-urges-toronto-to-reconsider-changes-to-permanent-cafeto\/","title":{"rendered":"Restaurants Canada Urges Toronto to Reconsider Changes to Permanent Caf\u00e9TO"},"content":{"rendered":"\n<p><em>New fee and cost structure for popular restaurant patio program will cause additional administrative and cost burdens for struggling Toronto restaurants<\/em><\/p>\n\n\n\n<p>A program that was originally a lifeline for restaurants throughout the course of the pandemic in Toronto, is now poised to cause further challenges to struggling restaurant operators in Toronto due to new measures proposed by the City. The City of Toronto\u2019s popular Caf\u00e9TO program is being made permanent, but will include new fees, administration, red tape, labour and infrastructure costs that will negatively impact local restaurants.<\/p>\n\n\n\n<p>\u201cRestaurants Canada is encouraged to see the Caf\u00e9TO program modified to become a permanent resource for local restaurants to increase revenue during our sector\u2019s high season while adding liveliness to the city\u2019s neighborhoods,\u201d said Kelly Higginson, COO of Restaurants Canada \u201cHowever the program comes with newly proposed costs, red tape and administration challenges that have many of our restaurant members questioning whether they will be able to afford to participate in the program.\u201d<\/p>\n\n\n\n<p>Restaurants Canada was unfortunately not consulted during the early developmental stages of the Caf\u00e9TO program\u2019s proposed changes, thus failing to consider the foodservice sector&rsquo;s current state as it works to rebuild post-pandemic.<\/p>\n\n\n\n<p>\u201cThe unfortunate reality is that 50 per cent of Canadian restaurants are operating at a loss or just breaking even so now is not the time to increase their costs,\u201d continued Higginson. \u201cToronto\u2019s downtown core has still not recovered post-pandemic, as high vacancy rates in neighbouring buildings continue to have a significant impact on traffic to restaurants. Hundreds of restaurants have shuttered permanently in the past three years, devastating the industry and changing the character and vibrancy of many of Toronto\u2019s neighbourhoods.\u201d<\/p>\n\n\n\n<p>With the thousands of dollars in new added costs per restaurant to participate in the program; building materials, permit and application fees, labour for build out and tear downs, and others, many restaurant operators are questioning the ongoing practicality of their participation in Caf\u00e9TO. &nbsp;Restaurant Canada members have communicated these changes will negatively impact their decision to participate in the program. This is consistent with the City\u2019s own survey of restaurant operators in November 2022 that were asked how likely the re-introduction of fees would impact their decision to open a curb lane caf\u00e9. The results found 60 per cent indicated that it would likely impact their decision&nbsp;<em>(City of Toronto,&nbsp;<a href=\"https:\/\/www.toronto.ca\/legdocs\/mmis\/2023\/ex\/bgrd\/backgroundfile-233882.pdf\">Caf\u00e9TO 2023 and Beyond<\/a>, 2023). &nbsp;<\/em><\/p>\n\n\n\n<p>Restaurants Canada will continue to advocate on behalf of the industry with the City of Toronto to express our members\u2019 concerns and collaborate on an approach that works for all.<\/p>\n\n\n\n<p>To learn more about the challenges restaurants in Canada are currently facing, visit&nbsp;<a href=\"https:\/\/ontheirplate.ca\/\">ontheirplate.ca<\/a>.<\/p>\n","protected":false},"excerpt":{"rendered":"<p>New fee and cost structure for popular restaurant patio program will cause additional administrative and cost burdens for&#8230;<\/p>\n","protected":false},"author":5,"featured_media":724,"comment_status":"open","ping_status":"open","sticky":false,"template":"","format":"standard","meta":{"_acf_changed":false,"footnotes":""},"categories":[1,82],"tags":[78,79],"advocacy-issue":[],"news-region":[27],"class_list":["post-1000","post","type-post","status-publish","format-standard","has-post-thumbnail","hentry","category-news","category-press","tag-featured-news","tag-ontario","news-region-national"],"acf":[],"yoast_head":"<!-- This site is optimized with the Yoast SEO plugin v27.0 - https:\/\/yoast.com\/product\/yoast-seo-wordpress\/ -->\n<title>Restaurants Canada Urges Toronto to Reconsider Changes to Permanent Caf\u00e9TO - Restaurants Canada<\/title>\n<meta name=\"robots\" content=\"index, follow, max-snippet:-1, max-image-preview:large, max-video-preview:-1\" \/>\n<link rel=\"canonical\" href=\"https:\/\/www.restaurantscanada.org\/restaurants-canada-urges-toronto-to-reconsider-changes-to-permanent-cafeto\/\" \/>\n<meta property=\"og:locale\" content=\"fr_FR\" \/>\n<meta property=\"og:type\" content=\"article\" \/>\n<meta property=\"og:title\" content=\"Restaurants Canada Urges Toronto to Reconsider Changes to Permanent Caf\u00e9TO - Restaurants Canada\" \/>\n<meta property=\"og:description\" content=\"New fee and cost structure for popular restaurant patio program will cause additional administrative and cost burdens for...\" \/>\n<meta property=\"og:url\" content=\"https:\/\/www.restaurantscanada.org\/restaurants-canada-urges-toronto-to-reconsider-changes-to-permanent-cafeto\/\" \/>\n<meta property=\"og:site_name\" content=\"Restaurants Canada\" \/>\n<meta property=\"article:publisher\" content=\"https:\/\/www.facebook.com\/RestaurantsCanada\" \/>\n<meta property=\"article:published_time\" content=\"2023-01-25T17:02:00+00:00\" \/>\n<meta property=\"og:image\" content=\"https:\/\/www.restaurantscanada.org\/wp-content\/uploads\/2024\/02\/panos-katsigiannis-miUcPR5ZZPw-unsplash-1-scaled-1.jpg\" \/>\n\t<meta property=\"og:image:width\" content=\"2560\" \/>\n\t<meta property=\"og:image:height\" content=\"1900\" \/>\n\t<meta property=\"og:image:type\" content=\"image\/jpeg\" \/>\n<meta name=\"author\" content=\"Jess Landesman\" \/>\n<meta name=\"twitter:card\" content=\"summary_large_image\" \/>\n<meta name=\"twitter:creator\" content=\"@RestaurantsCA\" \/>\n<meta name=\"twitter:site\" content=\"@RestaurantsCA\" \/>\n<meta name=\"twitter:label1\" content=\"\u00c9crit par\" \/>\n\t<meta name=\"twitter:data1\" content=\"Jess Landesman\" \/>\n\t<meta name=\"twitter:label2\" content=\"Dur\u00e9e de lecture estim\u00e9e\" \/>\n\t<meta name=\"twitter:data2\" content=\"2 minutes\" \/>\n<script type=\"application\/ld+json\" class=\"yoast-schema-graph\">{\"@context\":\"https:\/\/schema.org\",\"@graph\":[{\"@type\":\"Article\",\"@id\":\"https:\/\/www.restaurantscanada.org\/restaurants-canada-urges-toronto-to-reconsider-changes-to-permanent-cafeto\/#article\",\"isPartOf\":{\"@id\":\"https:\/\/www.restaurantscanada.org\/restaurants-canada-urges-toronto-to-reconsider-changes-to-permanent-cafeto\/\"},\"author\":{\"name\":\"Jess Landesman\",\"@id\":\"https:\/\/www.restaurantscanada.org\/#\/schema\/person\/ed39abb621816077257a61b0cce3b8ed\"},\"headline\":\"Restaurants Canada Urges Toronto to Reconsider Changes to Permanent Caf\u00e9TO\",\"datePublished\":\"2023-01-25T17:02:00+00:00\",\"mainEntityOfPage\":{\"@id\":\"https:\/\/www.restaurantscanada.org\/restaurants-canada-urges-toronto-to-reconsider-changes-to-permanent-cafeto\/\"},\"wordCount\":460,\"commentCount\":0,\"publisher\":{\"@id\":\"https:\/\/www.restaurantscanada.org\/#organization\"},\"image\":{\"@id\":\"https:\/\/www.restaurantscanada.org\/restaurants-canada-urges-toronto-to-reconsider-changes-to-permanent-cafeto\/#primaryimage\"},\"thumbnailUrl\":\"https:\/\/www.restaurantscanada.org\/wp-content\/uploads\/2024\/02\/panos-katsigiannis-miUcPR5ZZPw-unsplash-1-scaled-1.jpg\",\"keywords\":[\"Featured News\",\"Ontario\"],\"articleSection\":[\"News\",\"Press\"],\"inLanguage\":\"fr-FR\",\"potentialAction\":[{\"@type\":\"CommentAction\",\"name\":\"Comment\",\"target\":[\"https:\/\/www.restaurantscanada.org\/restaurants-canada-urges-toronto-to-reconsider-changes-to-permanent-cafeto\/#respond\"]}]},{\"@type\":\"WebPage\",\"@id\":\"https:\/\/www.restaurantscanada.org\/restaurants-canada-urges-toronto-to-reconsider-changes-to-permanent-cafeto\/\",\"url\":\"https:\/\/www.restaurantscanada.org\/restaurants-canada-urges-toronto-to-reconsider-changes-to-permanent-cafeto\/\",\"name\":\"Restaurants Canada Urges Toronto to Reconsider Changes to Permanent Caf\u00e9TO - Restaurants Canada\",\"isPartOf\":{\"@id\":\"https:\/\/www.restaurantscanada.org\/#website\"},\"primaryImageOfPage\":{\"@id\":\"https:\/\/www.restaurantscanada.org\/restaurants-canada-urges-toronto-to-reconsider-changes-to-permanent-cafeto\/#primaryimage\"},\"image\":{\"@id\":\"https:\/\/www.restaurantscanada.org\/restaurants-canada-urges-toronto-to-reconsider-changes-to-permanent-cafeto\/#primaryimage\"},\"thumbnailUrl\":\"https:\/\/www.restaurantscanada.org\/wp-content\/uploads\/2024\/02\/panos-katsigiannis-miUcPR5ZZPw-unsplash-1-scaled-1.jpg\",\"datePublished\":\"2023-01-25T17:02:00+00:00\",\"breadcrumb\":{\"@id\":\"https:\/\/www.restaurantscanada.org\/restaurants-canada-urges-toronto-to-reconsider-changes-to-permanent-cafeto\/#breadcrumb\"},\"inLanguage\":\"fr-FR\",\"potentialAction\":[{\"@type\":\"ReadAction\",\"target\":[\"https:\/\/www.restaurantscanada.org\/restaurants-canada-urges-toronto-to-reconsider-changes-to-permanent-cafeto\/\"]}]},{\"@type\":\"ImageObject\",\"inLanguage\":\"fr-FR\",\"@id\":\"https:\/\/www.restaurantscanada.org\/restaurants-canada-urges-toronto-to-reconsider-changes-to-permanent-cafeto\/#primaryimage\",\"url\":\"https:\/\/www.restaurantscanada.org\/wp-content\/uploads\/2024\/02\/panos-katsigiannis-miUcPR5ZZPw-unsplash-1-scaled-1.jpg\",\"contentUrl\":\"https:\/\/www.restaurantscanada.org\/wp-content\/uploads\/2024\/02\/panos-katsigiannis-miUcPR5ZZPw-unsplash-1-scaled-1.jpg\",\"width\":2560,\"height\":1900},{\"@type\":\"BreadcrumbList\",\"@id\":\"https:\/\/www.restaurantscanada.org\/restaurants-canada-urges-toronto-to-reconsider-changes-to-permanent-cafeto\/#breadcrumb\",\"itemListElement\":[{\"@type\":\"ListItem\",\"position\":1,\"name\":\"Home\",\"item\":\"https:\/\/www.restaurantscanada.org\/fr\/\"},{\"@type\":\"ListItem\",\"position\":2,\"name\":\"Restaurants Canada Urges Toronto to Reconsider Changes to Permanent Caf\u00e9TO\"}]},{\"@type\":\"WebSite\",\"@id\":\"https:\/\/www.restaurantscanada.org\/#website\",\"url\":\"https:\/\/www.restaurantscanada.org\/\",\"name\":\"Restaurants Canada\",\"description\":\"La voix des services alimentaires\",\"publisher\":{\"@id\":\"https:\/\/www.restaurantscanada.org\/#organization\"},\"potentialAction\":[{\"@type\":\"SearchAction\",\"target\":{\"@type\":\"EntryPoint\",\"urlTemplate\":\"https:\/\/www.restaurantscanada.org\/?s={search_term_string}\"},\"query-input\":{\"@type\":\"PropertyValueSpecification\",\"valueRequired\":true,\"valueName\":\"search_term_string\"}}],\"inLanguage\":\"fr-FR\"},{\"@type\":\"Organization\",\"@id\":\"https:\/\/www.restaurantscanada.org\/#organization\",\"name\":\"Restaurants Canada\",\"alternateName\":\"RC\",\"url\":\"https:\/\/www.restaurantscanada.org\/\",\"logo\":{\"@type\":\"ImageObject\",\"inLanguage\":\"fr-FR\",\"@id\":\"https:\/\/www.restaurantscanada.org\/#\/schema\/logo\/image\/\",\"url\":\"https:\/\/rcsparkdev.wpenginepowered.com\/wp-content\/uploads\/2024\/01\/rc-brand-colour.svg\",\"contentUrl\":\"https:\/\/rcsparkdev.wpenginepowered.com\/wp-content\/uploads\/2024\/01\/rc-brand-colour.svg\",\"width\":1,\"height\":1,\"caption\":\"Restaurants Canada\"},\"image\":{\"@id\":\"https:\/\/www.restaurantscanada.org\/#\/schema\/logo\/image\/\"},\"sameAs\":[\"https:\/\/www.facebook.com\/RestaurantsCanada\",\"https:\/\/x.com\/RestaurantsCA\"]},{\"@type\":\"Person\",\"@id\":\"https:\/\/www.restaurantscanada.org\/#\/schema\/person\/ed39abb621816077257a61b0cce3b8ed\",\"name\":\"Jess Landesman\",\"image\":{\"@type\":\"ImageObject\",\"inLanguage\":\"fr-FR\",\"@id\":\"https:\/\/www.restaurantscanada.org\/#\/schema\/person\/image\/\",\"url\":\"https:\/\/secure.gravatar.com\/avatar\/0edc82a9582fb686c9dca33704df7e3ff392cda36548e4cf6b190ae33e7545f1?s=96&d=mm&r=g\",\"contentUrl\":\"https:\/\/secure.gravatar.com\/avatar\/0edc82a9582fb686c9dca33704df7e3ff392cda36548e4cf6b190ae33e7545f1?s=96&d=mm&r=g\",\"caption\":\"Jess Landesman\"},\"url\":\"https:\/\/www.restaurantscanada.org\/fr\/author\/jlandesmanrestaurantscanada-org\/\"}]}<\/script>\n<!-- \/ Yoast SEO plugin. -->","yoast_head_json":{"title":"Restaurants Canada Urges Toronto to Reconsider Changes to Permanent Caf\u00e9TO - Restaurants Canada","robots":{"index":"index","follow":"follow","max-snippet":"max-snippet:-1","max-image-preview":"max-image-preview:large","max-video-preview":"max-video-preview:-1"},"canonical":"https:\/\/www.restaurantscanada.org\/restaurants-canada-urges-toronto-to-reconsider-changes-to-permanent-cafeto\/","og_locale":"fr_FR","og_type":"article","og_title":"Restaurants Canada Urges Toronto to Reconsider Changes to Permanent Caf\u00e9TO - Restaurants Canada","og_description":"New fee and cost structure for popular restaurant patio program will cause additional administrative and cost burdens for...","og_url":"https:\/\/www.restaurantscanada.org\/restaurants-canada-urges-toronto-to-reconsider-changes-to-permanent-cafeto\/","og_site_name":"Restaurants Canada","article_publisher":"https:\/\/www.facebook.com\/RestaurantsCanada","article_published_time":"2023-01-25T17:02:00+00:00","og_image":[{"width":2560,"height":1900,"url":"https:\/\/www.restaurantscanada.org\/wp-content\/uploads\/2024\/02\/panos-katsigiannis-miUcPR5ZZPw-unsplash-1-scaled-1.jpg","type":"image\/jpeg"}],"author":"Jess Landesman","twitter_card":"summary_large_image","twitter_creator":"@RestaurantsCA","twitter_site":"@RestaurantsCA","twitter_misc":{"\u00c9crit par":"Jess Landesman","Dur\u00e9e de lecture estim\u00e9e":"2 minutes"},"schema":{"@context":"https:\/\/schema.org","@graph":[{"@type":"Article","@id":"https:\/\/www.restaurantscanada.org\/restaurants-canada-urges-toronto-to-reconsider-changes-to-permanent-cafeto\/#article","isPartOf":{"@id":"https:\/\/www.restaurantscanada.org\/restaurants-canada-urges-toronto-to-reconsider-changes-to-permanent-cafeto\/"},"author":{"name":"Jess Landesman","@id":"https:\/\/www.restaurantscanada.org\/#\/schema\/person\/ed39abb621816077257a61b0cce3b8ed"},"headline":"Restaurants Canada Urges Toronto to Reconsider Changes to Permanent Caf\u00e9TO","datePublished":"2023-01-25T17:02:00+00:00","mainEntityOfPage":{"@id":"https:\/\/www.restaurantscanada.org\/restaurants-canada-urges-toronto-to-reconsider-changes-to-permanent-cafeto\/"},"wordCount":460,"commentCount":0,"publisher":{"@id":"https:\/\/www.restaurantscanada.org\/#organization"},"image":{"@id":"https:\/\/www.restaurantscanada.org\/restaurants-canada-urges-toronto-to-reconsider-changes-to-permanent-cafeto\/#primaryimage"},"thumbnailUrl":"https:\/\/www.restaurantscanada.org\/wp-content\/uploads\/2024\/02\/panos-katsigiannis-miUcPR5ZZPw-unsplash-1-scaled-1.jpg","keywords":["Featured News","Ontario"],"articleSection":["News","Press"],"inLanguage":"fr-FR","potentialAction":[{"@type":"CommentAction","name":"Comment","target":["https:\/\/www.restaurantscanada.org\/restaurants-canada-urges-toronto-to-reconsider-changes-to-permanent-cafeto\/#respond"]}]},{"@type":"WebPage","@id":"https:\/\/www.restaurantscanada.org\/restaurants-canada-urges-toronto-to-reconsider-changes-to-permanent-cafeto\/","url":"https:\/\/www.restaurantscanada.org\/restaurants-canada-urges-toronto-to-reconsider-changes-to-permanent-cafeto\/","name":"Restaurants Canada Urges Toronto to Reconsider Changes to Permanent Caf\u00e9TO - Restaurants Canada","isPartOf":{"@id":"https:\/\/www.restaurantscanada.org\/#website"},"primaryImageOfPage":{"@id":"https:\/\/www.restaurantscanada.org\/restaurants-canada-urges-toronto-to-reconsider-changes-to-permanent-cafeto\/#primaryimage"},"image":{"@id":"https:\/\/www.restaurantscanada.org\/restaurants-canada-urges-toronto-to-reconsider-changes-to-permanent-cafeto\/#primaryimage"},"thumbnailUrl":"https:\/\/www.restaurantscanada.org\/wp-content\/uploads\/2024\/02\/panos-katsigiannis-miUcPR5ZZPw-unsplash-1-scaled-1.jpg","datePublished":"2023-01-25T17:02:00+00:00","breadcrumb":{"@id":"https:\/\/www.restaurantscanada.org\/restaurants-canada-urges-toronto-to-reconsider-changes-to-permanent-cafeto\/#breadcrumb"},"inLanguage":"fr-FR","potentialAction":[{"@type":"ReadAction","target":["https:\/\/www.restaurantscanada.org\/restaurants-canada-urges-toronto-to-reconsider-changes-to-permanent-cafeto\/"]}]},{"@type":"ImageObject","inLanguage":"fr-FR","@id":"https:\/\/www.restaurantscanada.org\/restaurants-canada-urges-toronto-to-reconsider-changes-to-permanent-cafeto\/#primaryimage","url":"https:\/\/www.restaurantscanada.org\/wp-content\/uploads\/2024\/02\/panos-katsigiannis-miUcPR5ZZPw-unsplash-1-scaled-1.jpg","contentUrl":"https:\/\/www.restaurantscanada.org\/wp-content\/uploads\/2024\/02\/panos-katsigiannis-miUcPR5ZZPw-unsplash-1-scaled-1.jpg","width":2560,"height":1900},{"@type":"BreadcrumbList","@id":"https:\/\/www.restaurantscanada.org\/restaurants-canada-urges-toronto-to-reconsider-changes-to-permanent-cafeto\/#breadcrumb","itemListElement":[{"@type":"ListItem","position":1,"name":"Home","item":"https:\/\/www.restaurantscanada.org\/fr\/"},{"@type":"ListItem","position":2,"name":"Restaurants Canada Urges Toronto to Reconsider Changes to Permanent Caf\u00e9TO"}]},{"@type":"WebSite","@id":"https:\/\/www.restaurantscanada.org\/#website","url":"https:\/\/www.restaurantscanada.org\/","name":"Restaurants Canada","description":"La voix des services alimentaires","publisher":{"@id":"https:\/\/www.restaurantscanada.org\/#organization"},"potentialAction":[{"@type":"SearchAction","target":{"@type":"EntryPoint","urlTemplate":"https:\/\/www.restaurantscanada.org\/?s={search_term_string}"},"query-input":{"@type":"PropertyValueSpecification","valueRequired":true,"valueName":"search_term_string"}}],"inLanguage":"fr-FR"},{"@type":"Organization","@id":"https:\/\/www.restaurantscanada.org\/#organization","name":"Restaurants Canada","alternateName":"RC","url":"https:\/\/www.restaurantscanada.org\/","logo":{"@type":"ImageObject","inLanguage":"fr-FR","@id":"https:\/\/www.restaurantscanada.org\/#\/schema\/logo\/image\/","url":"https:\/\/rcsparkdev.wpenginepowered.com\/wp-content\/uploads\/2024\/01\/rc-brand-colour.svg","contentUrl":"https:\/\/rcsparkdev.wpenginepowered.com\/wp-content\/uploads\/2024\/01\/rc-brand-colour.svg","width":1,"height":1,"caption":"Restaurants Canada"},"image":{"@id":"https:\/\/www.restaurantscanada.org\/#\/schema\/logo\/image\/"},"sameAs":["https:\/\/www.facebook.com\/RestaurantsCanada","https:\/\/x.com\/RestaurantsCA"]},{"@type":"Person","@id":"https:\/\/www.restaurantscanada.org\/#\/schema\/person\/ed39abb621816077257a61b0cce3b8ed","name":"Jess Landesman","image":{"@type":"ImageObject","inLanguage":"fr-FR","@id":"https:\/\/www.restaurantscanada.org\/#\/schema\/person\/image\/","url":"https:\/\/secure.gravatar.com\/avatar\/0edc82a9582fb686c9dca33704df7e3ff392cda36548e4cf6b190ae33e7545f1?s=96&d=mm&r=g","contentUrl":"https:\/\/secure.gravatar.com\/avatar\/0edc82a9582fb686c9dca33704df7e3ff392cda36548e4cf6b190ae33e7545f1?s=96&d=mm&r=g","caption":"Jess Landesman"},"url":"https:\/\/www.restaurantscanada.org\/fr\/author\/jlandesmanrestaurantscanada-org\/"}]}},"_links":{"self":[{"href":"https:\/\/www.restaurantscanada.org\/fr\/wp-json\/wp\/v2\/posts\/1000","targetHints":{"allow":["GET"]}}],"collection":[{"href":"https:\/\/www.restaurantscanada.org\/fr\/wp-json\/wp\/v2\/posts"}],"about":[{"href":"https:\/\/www.restaurantscanada.org\/fr\/wp-json\/wp\/v2\/types\/post"}],"author":[{"embeddable":true,"href":"https:\/\/www.restaurantscanada.org\/fr\/wp-json\/wp\/v2\/users\/5"}],"replies":[{"embeddable":true,"href":"https:\/\/www.restaurantscanada.org\/fr\/wp-json\/wp\/v2\/comments?post=1000"}],"version-history":[{"count":0,"href":"https:\/\/www.restaurantscanada.org\/fr\/wp-json\/wp\/v2\/posts\/1000\/revisions"}],"wp:featuredmedia":[{"embeddable":true,"href":"https:\/\/www.restaurantscanada.org\/fr\/wp-json\/wp\/v2\/media\/724"}],"wp:attachment":[{"href":"https:\/\/www.restaurantscanada.org\/fr\/wp-json\/wp\/v2\/media?parent=1000"}],"wp:term":[{"taxonomy":"category","embeddable":true,"href":"https:\/\/www.restaurantscanada.org\/fr\/wp-json\/wp\/v2\/categories?post=1000"},{"taxonomy":"post_tag","embeddable":true,"href":"https:\/\/www.restaurantscanada.org\/fr\/wp-json\/wp\/v2\/tags?post=1000"},{"taxonomy":"advocacy-issue","embeddable":true,"href":"https:\/\/www.restaurantscanada.org\/fr\/wp-json\/wp\/v2\/advocacy-issue?post=1000"},{"taxonomy":"news-region","embeddable":true,"href":"https:\/\/www.restaurantscanada.org\/fr\/wp-json\/wp\/v2\/news-region?post=1000"}],"curies":[{"name":"wp","href":"https:\/\/api.w.org\/{rel}","templated":true}]}}