{"id":1056,"date":"2023-07-03T14:00:50","date_gmt":"2023-07-03T18:00:50","guid":{"rendered":"https:\/\/www.restaurantscanada.org\/industry-news\/restaurants-canadas-concerns-on-port-of-vancouver-strike\/"},"modified":"2023-07-03T14:00:50","modified_gmt":"2023-07-03T18:00:50","slug":"restaurants-canadas-concerns-on-port-of-vancouver-strike","status":"publish","type":"post","link":"https:\/\/www.restaurantscanada.org\/fr\/restaurants-canadas-concerns-on-port-of-vancouver-strike\/","title":{"rendered":"Restaurants Canada&rsquo;s Concerns on Port of Vancouver Strike"},"content":{"rendered":"\n<p>Restaurants Canada is genuinely concerned about the lasting effects of the strike that began on July 1, 2023, at the Port of Vancouver with the International Longshore and Warehouse Union Canada, and BCMEA. This strike will cause severe damage to Canada\u2019s already struggling Restaurant industry. The cost of products used in our restaurants is already at historic highs. This strike will cause costs to rise even further. For the sake of our industry\u2019s survival, Restaurants Canada is calling on both parties to settle this dispute immediately and for the federal government to do everything in its power to protect Canada\u2019s economy.<\/p>\n\n\n\n<p>BC ports are crucial in maintaining the flow of goods and supplies restaurants require to operate. The inflationary pressures restaurants are dealing with are already threatening the survival of many operations. Utilities have increased by 6%, proteins have increased by 9% (beef), 11% (seafood) and 13% (chicken), not to mention cooking oil which is up 40%. This labour dispute and the closure of British Columbia ports will mean further cost increases. After a challenging three years with increased labour shortages, rising interest rates and operational costs, restaurants do not need more uncertainty.<\/p>\n\n\n\n<p>Fifty percent of Canadian foodservice operators are currently operating at a loss or just breaking even \u2013 compared to just 12% pre-pandemic. \u201cThe ports in British Columbia are essential to supplying our industry and are not easily replaced,\u201d said Richard Alexander, Executive Vice President of Restaurants Canada. \u201cDuring the last labour dispute at BC ports, we experienced significant cost increases and reports of cargos of produce rotting on board. Our industry and our economy simply cannot afford a shutdown of BC ports. An immediate resolution to this dispute through negotiation of back-to-work legislation is required.\u201d<\/p>\n\n\n\n<p>To avoid further stress within Canadian foodservice and more damage to Canada\u2019s economy, Restaurants Canada is calling on all parties to immediately resolve this labour dispute, and for the federal government to do everything in its power to protect Canada\u2019s economy.<\/p>\n\n\n\n<p>For media enquiries or interviews, please contact Tracey Mills Fletcher. 647 204-0709 or <a href=\"mailto:tmillsfletcher@restaurantscanada.org\" target=\"_blank\" rel=\"noreferrer noopener\">tmillsfletcher@restaurantscanada.org<\/a><\/p>\n","protected":false},"excerpt":{"rendered":"<p>Restaurants Canada is genuinely concerned about the lasting effects of the strike that began on July 1, 2023, at the Port of Vancouver with the International Longshore and Warehouse Union Canada, and BCMEA.<\/p>\n","protected":false},"author":5,"featured_media":806,"comment_status":"open","ping_status":"open","sticky":false,"template":"","format":"standard","meta":{"_acf_changed":false,"footnotes":""},"categories":[1,82],"tags":[78,96],"advocacy-issue":[],"news-region":[27,29],"class_list":["post-1056","post","type-post","status-publish","format-standard","has-post-thumbnail","hentry","category-news","category-press","tag-featured-news","tag-government-update","news-region-national","news-region-british-columbia"],"acf":[],"yoast_head":"<!-- This site is optimized with the Yoast SEO plugin v27.0 - https:\/\/yoast.com\/product\/yoast-seo-wordpress\/ -->\n<title>Restaurants Canada&#039;s Concerns on Port of Vancouver Strike - Restaurants Canada<\/title>\n<meta name=\"robots\" content=\"index, follow, max-snippet:-1, max-image-preview:large, max-video-preview:-1\" \/>\n<link rel=\"canonical\" href=\"https:\/\/www.restaurantscanada.org\/restaurants-canadas-concerns-on-port-of-vancouver-strike\/\" \/>\n<meta property=\"og:locale\" content=\"fr_FR\" \/>\n<meta property=\"og:type\" content=\"article\" \/>\n<meta property=\"og:title\" content=\"Restaurants Canada&#039;s Concerns on Port of Vancouver Strike - Restaurants Canada\" \/>\n<meta property=\"og:description\" content=\"Restaurants Canada is genuinely concerned about the lasting effects of the strike that began on July 1, 2023, at the Port of Vancouver with the International Longshore and Warehouse Union Canada, and BCMEA.\" \/>\n<meta property=\"og:url\" content=\"https:\/\/www.restaurantscanada.org\/restaurants-canadas-concerns-on-port-of-vancouver-strike\/\" \/>\n<meta property=\"og:site_name\" content=\"Restaurants Canada\" \/>\n<meta property=\"article:publisher\" content=\"https:\/\/www.facebook.com\/RestaurantsCanada\" \/>\n<meta property=\"article:published_time\" content=\"2023-07-03T18:00:50+00:00\" \/>\n<meta property=\"og:image\" content=\"https:\/\/www.restaurantscanada.org\/wp-content\/uploads\/2024\/02\/iStock-1418267688-e1688654926441.jpg\" \/>\n\t<meta property=\"og:image:width\" content=\"1514\" \/>\n\t<meta property=\"og:image:height\" content=\"1266\" \/>\n\t<meta property=\"og:image:type\" content=\"image\/jpeg\" \/>\n<meta name=\"author\" content=\"Jess Landesman\" \/>\n<meta name=\"twitter:card\" content=\"summary_large_image\" \/>\n<meta name=\"twitter:creator\" content=\"@RestaurantsCA\" \/>\n<meta name=\"twitter:site\" content=\"@RestaurantsCA\" \/>\n<meta name=\"twitter:label1\" content=\"\u00c9crit par\" \/>\n\t<meta name=\"twitter:data1\" content=\"Jess Landesman\" \/>\n\t<meta name=\"twitter:label2\" content=\"Dur\u00e9e de lecture estim\u00e9e\" \/>\n\t<meta name=\"twitter:data2\" content=\"2 minutes\" \/>\n<script type=\"application\/ld+json\" class=\"yoast-schema-graph\">{\"@context\":\"https:\/\/schema.org\",\"@graph\":[{\"@type\":\"Article\",\"@id\":\"https:\/\/www.restaurantscanada.org\/restaurants-canadas-concerns-on-port-of-vancouver-strike\/#article\",\"isPartOf\":{\"@id\":\"https:\/\/www.restaurantscanada.org\/restaurants-canadas-concerns-on-port-of-vancouver-strike\/\"},\"author\":{\"name\":\"Jess Landesman\",\"@id\":\"https:\/\/www.restaurantscanada.org\/#\/schema\/person\/ed39abb621816077257a61b0cce3b8ed\"},\"headline\":\"Restaurants Canada&rsquo;s Concerns on Port of Vancouver Strike\",\"datePublished\":\"2023-07-03T18:00:50+00:00\",\"mainEntityOfPage\":{\"@id\":\"https:\/\/www.restaurantscanada.org\/restaurants-canadas-concerns-on-port-of-vancouver-strike\/\"},\"wordCount\":349,\"commentCount\":0,\"publisher\":{\"@id\":\"https:\/\/www.restaurantscanada.org\/#organization\"},\"image\":{\"@id\":\"https:\/\/www.restaurantscanada.org\/restaurants-canadas-concerns-on-port-of-vancouver-strike\/#primaryimage\"},\"thumbnailUrl\":\"https:\/\/www.restaurantscanada.org\/wp-content\/uploads\/2024\/02\/iStock-1418267688-e1688654926441.jpg\",\"keywords\":[\"Featured News\",\"Government Update\"],\"articleSection\":[\"News\",\"Press\"],\"inLanguage\":\"fr-FR\",\"potentialAction\":[{\"@type\":\"CommentAction\",\"name\":\"Comment\",\"target\":[\"https:\/\/www.restaurantscanada.org\/restaurants-canadas-concerns-on-port-of-vancouver-strike\/#respond\"]}]},{\"@type\":\"WebPage\",\"@id\":\"https:\/\/www.restaurantscanada.org\/restaurants-canadas-concerns-on-port-of-vancouver-strike\/\",\"url\":\"https:\/\/www.restaurantscanada.org\/restaurants-canadas-concerns-on-port-of-vancouver-strike\/\",\"name\":\"Restaurants Canada's Concerns on Port of Vancouver Strike - Restaurants Canada\",\"isPartOf\":{\"@id\":\"https:\/\/www.restaurantscanada.org\/#website\"},\"primaryImageOfPage\":{\"@id\":\"https:\/\/www.restaurantscanada.org\/restaurants-canadas-concerns-on-port-of-vancouver-strike\/#primaryimage\"},\"image\":{\"@id\":\"https:\/\/www.restaurantscanada.org\/restaurants-canadas-concerns-on-port-of-vancouver-strike\/#primaryimage\"},\"thumbnailUrl\":\"https:\/\/www.restaurantscanada.org\/wp-content\/uploads\/2024\/02\/iStock-1418267688-e1688654926441.jpg\",\"datePublished\":\"2023-07-03T18:00:50+00:00\",\"breadcrumb\":{\"@id\":\"https:\/\/www.restaurantscanada.org\/restaurants-canadas-concerns-on-port-of-vancouver-strike\/#breadcrumb\"},\"inLanguage\":\"fr-FR\",\"potentialAction\":[{\"@type\":\"ReadAction\",\"target\":[\"https:\/\/www.restaurantscanada.org\/restaurants-canadas-concerns-on-port-of-vancouver-strike\/\"]}]},{\"@type\":\"ImageObject\",\"inLanguage\":\"fr-FR\",\"@id\":\"https:\/\/www.restaurantscanada.org\/restaurants-canadas-concerns-on-port-of-vancouver-strike\/#primaryimage\",\"url\":\"https:\/\/www.restaurantscanada.org\/wp-content\/uploads\/2024\/02\/iStock-1418267688-e1688654926441.jpg\",\"contentUrl\":\"https:\/\/www.restaurantscanada.org\/wp-content\/uploads\/2024\/02\/iStock-1418267688-e1688654926441.jpg\",\"width\":1514,\"height\":1266},{\"@type\":\"BreadcrumbList\",\"@id\":\"https:\/\/www.restaurantscanada.org\/restaurants-canadas-concerns-on-port-of-vancouver-strike\/#breadcrumb\",\"itemListElement\":[{\"@type\":\"ListItem\",\"position\":1,\"name\":\"Home\",\"item\":\"https:\/\/www.restaurantscanada.org\/fr\/\"},{\"@type\":\"ListItem\",\"position\":2,\"name\":\"Restaurants Canada&#8217;s Concerns on Port of Vancouver Strike\"}]},{\"@type\":\"WebSite\",\"@id\":\"https:\/\/www.restaurantscanada.org\/#website\",\"url\":\"https:\/\/www.restaurantscanada.org\/\",\"name\":\"Restaurants Canada\",\"description\":\"La voix des services alimentaires\",\"publisher\":{\"@id\":\"https:\/\/www.restaurantscanada.org\/#organization\"},\"potentialAction\":[{\"@type\":\"SearchAction\",\"target\":{\"@type\":\"EntryPoint\",\"urlTemplate\":\"https:\/\/www.restaurantscanada.org\/?s={search_term_string}\"},\"query-input\":{\"@type\":\"PropertyValueSpecification\",\"valueRequired\":true,\"valueName\":\"search_term_string\"}}],\"inLanguage\":\"fr-FR\"},{\"@type\":\"Organization\",\"@id\":\"https:\/\/www.restaurantscanada.org\/#organization\",\"name\":\"Restaurants Canada\",\"alternateName\":\"RC\",\"url\":\"https:\/\/www.restaurantscanada.org\/\",\"logo\":{\"@type\":\"ImageObject\",\"inLanguage\":\"fr-FR\",\"@id\":\"https:\/\/www.restaurantscanada.org\/#\/schema\/logo\/image\/\",\"url\":\"https:\/\/rcsparkdev.wpenginepowered.com\/wp-content\/uploads\/2024\/01\/rc-brand-colour.svg\",\"contentUrl\":\"https:\/\/rcsparkdev.wpenginepowered.com\/wp-content\/uploads\/2024\/01\/rc-brand-colour.svg\",\"width\":1,\"height\":1,\"caption\":\"Restaurants Canada\"},\"image\":{\"@id\":\"https:\/\/www.restaurantscanada.org\/#\/schema\/logo\/image\/\"},\"sameAs\":[\"https:\/\/www.facebook.com\/RestaurantsCanada\",\"https:\/\/x.com\/RestaurantsCA\"]},{\"@type\":\"Person\",\"@id\":\"https:\/\/www.restaurantscanada.org\/#\/schema\/person\/ed39abb621816077257a61b0cce3b8ed\",\"name\":\"Jess Landesman\",\"image\":{\"@type\":\"ImageObject\",\"inLanguage\":\"fr-FR\",\"@id\":\"https:\/\/www.restaurantscanada.org\/#\/schema\/person\/image\/\",\"url\":\"https:\/\/secure.gravatar.com\/avatar\/0edc82a9582fb686c9dca33704df7e3ff392cda36548e4cf6b190ae33e7545f1?s=96&d=mm&r=g\",\"contentUrl\":\"https:\/\/secure.gravatar.com\/avatar\/0edc82a9582fb686c9dca33704df7e3ff392cda36548e4cf6b190ae33e7545f1?s=96&d=mm&r=g\",\"caption\":\"Jess Landesman\"},\"url\":\"https:\/\/www.restaurantscanada.org\/fr\/author\/jlandesmanrestaurantscanada-org\/\"}]}<\/script>\n<!-- \/ Yoast SEO plugin. -->","yoast_head_json":{"title":"Restaurants Canada's Concerns on Port of Vancouver Strike - Restaurants Canada","robots":{"index":"index","follow":"follow","max-snippet":"max-snippet:-1","max-image-preview":"max-image-preview:large","max-video-preview":"max-video-preview:-1"},"canonical":"https:\/\/www.restaurantscanada.org\/restaurants-canadas-concerns-on-port-of-vancouver-strike\/","og_locale":"fr_FR","og_type":"article","og_title":"Restaurants Canada's Concerns on Port of Vancouver Strike - Restaurants Canada","og_description":"Restaurants Canada is genuinely concerned about the lasting effects of the strike that began on July 1, 2023, at the Port of Vancouver with the International Longshore and Warehouse Union Canada, and BCMEA.","og_url":"https:\/\/www.restaurantscanada.org\/restaurants-canadas-concerns-on-port-of-vancouver-strike\/","og_site_name":"Restaurants Canada","article_publisher":"https:\/\/www.facebook.com\/RestaurantsCanada","article_published_time":"2023-07-03T18:00:50+00:00","og_image":[{"width":1514,"height":1266,"url":"https:\/\/www.restaurantscanada.org\/wp-content\/uploads\/2024\/02\/iStock-1418267688-e1688654926441.jpg","type":"image\/jpeg"}],"author":"Jess Landesman","twitter_card":"summary_large_image","twitter_creator":"@RestaurantsCA","twitter_site":"@RestaurantsCA","twitter_misc":{"\u00c9crit par":"Jess Landesman","Dur\u00e9e de lecture estim\u00e9e":"2 minutes"},"schema":{"@context":"https:\/\/schema.org","@graph":[{"@type":"Article","@id":"https:\/\/www.restaurantscanada.org\/restaurants-canadas-concerns-on-port-of-vancouver-strike\/#article","isPartOf":{"@id":"https:\/\/www.restaurantscanada.org\/restaurants-canadas-concerns-on-port-of-vancouver-strike\/"},"author":{"name":"Jess Landesman","@id":"https:\/\/www.restaurantscanada.org\/#\/schema\/person\/ed39abb621816077257a61b0cce3b8ed"},"headline":"Restaurants Canada&rsquo;s Concerns on Port of Vancouver Strike","datePublished":"2023-07-03T18:00:50+00:00","mainEntityOfPage":{"@id":"https:\/\/www.restaurantscanada.org\/restaurants-canadas-concerns-on-port-of-vancouver-strike\/"},"wordCount":349,"commentCount":0,"publisher":{"@id":"https:\/\/www.restaurantscanada.org\/#organization"},"image":{"@id":"https:\/\/www.restaurantscanada.org\/restaurants-canadas-concerns-on-port-of-vancouver-strike\/#primaryimage"},"thumbnailUrl":"https:\/\/www.restaurantscanada.org\/wp-content\/uploads\/2024\/02\/iStock-1418267688-e1688654926441.jpg","keywords":["Featured News","Government Update"],"articleSection":["News","Press"],"inLanguage":"fr-FR","potentialAction":[{"@type":"CommentAction","name":"Comment","target":["https:\/\/www.restaurantscanada.org\/restaurants-canadas-concerns-on-port-of-vancouver-strike\/#respond"]}]},{"@type":"WebPage","@id":"https:\/\/www.restaurantscanada.org\/restaurants-canadas-concerns-on-port-of-vancouver-strike\/","url":"https:\/\/www.restaurantscanada.org\/restaurants-canadas-concerns-on-port-of-vancouver-strike\/","name":"Restaurants Canada's Concerns on Port of Vancouver Strike - Restaurants Canada","isPartOf":{"@id":"https:\/\/www.restaurantscanada.org\/#website"},"primaryImageOfPage":{"@id":"https:\/\/www.restaurantscanada.org\/restaurants-canadas-concerns-on-port-of-vancouver-strike\/#primaryimage"},"image":{"@id":"https:\/\/www.restaurantscanada.org\/restaurants-canadas-concerns-on-port-of-vancouver-strike\/#primaryimage"},"thumbnailUrl":"https:\/\/www.restaurantscanada.org\/wp-content\/uploads\/2024\/02\/iStock-1418267688-e1688654926441.jpg","datePublished":"2023-07-03T18:00:50+00:00","breadcrumb":{"@id":"https:\/\/www.restaurantscanada.org\/restaurants-canadas-concerns-on-port-of-vancouver-strike\/#breadcrumb"},"inLanguage":"fr-FR","potentialAction":[{"@type":"ReadAction","target":["https:\/\/www.restaurantscanada.org\/restaurants-canadas-concerns-on-port-of-vancouver-strike\/"]}]},{"@type":"ImageObject","inLanguage":"fr-FR","@id":"https:\/\/www.restaurantscanada.org\/restaurants-canadas-concerns-on-port-of-vancouver-strike\/#primaryimage","url":"https:\/\/www.restaurantscanada.org\/wp-content\/uploads\/2024\/02\/iStock-1418267688-e1688654926441.jpg","contentUrl":"https:\/\/www.restaurantscanada.org\/wp-content\/uploads\/2024\/02\/iStock-1418267688-e1688654926441.jpg","width":1514,"height":1266},{"@type":"BreadcrumbList","@id":"https:\/\/www.restaurantscanada.org\/restaurants-canadas-concerns-on-port-of-vancouver-strike\/#breadcrumb","itemListElement":[{"@type":"ListItem","position":1,"name":"Home","item":"https:\/\/www.restaurantscanada.org\/fr\/"},{"@type":"ListItem","position":2,"name":"Restaurants Canada&#8217;s Concerns on Port of Vancouver Strike"}]},{"@type":"WebSite","@id":"https:\/\/www.restaurantscanada.org\/#website","url":"https:\/\/www.restaurantscanada.org\/","name":"Restaurants Canada","description":"La voix des services alimentaires","publisher":{"@id":"https:\/\/www.restaurantscanada.org\/#organization"},"potentialAction":[{"@type":"SearchAction","target":{"@type":"EntryPoint","urlTemplate":"https:\/\/www.restaurantscanada.org\/?s={search_term_string}"},"query-input":{"@type":"PropertyValueSpecification","valueRequired":true,"valueName":"search_term_string"}}],"inLanguage":"fr-FR"},{"@type":"Organization","@id":"https:\/\/www.restaurantscanada.org\/#organization","name":"Restaurants Canada","alternateName":"RC","url":"https:\/\/www.restaurantscanada.org\/","logo":{"@type":"ImageObject","inLanguage":"fr-FR","@id":"https:\/\/www.restaurantscanada.org\/#\/schema\/logo\/image\/","url":"https:\/\/rcsparkdev.wpenginepowered.com\/wp-content\/uploads\/2024\/01\/rc-brand-colour.svg","contentUrl":"https:\/\/rcsparkdev.wpenginepowered.com\/wp-content\/uploads\/2024\/01\/rc-brand-colour.svg","width":1,"height":1,"caption":"Restaurants Canada"},"image":{"@id":"https:\/\/www.restaurantscanada.org\/#\/schema\/logo\/image\/"},"sameAs":["https:\/\/www.facebook.com\/RestaurantsCanada","https:\/\/x.com\/RestaurantsCA"]},{"@type":"Person","@id":"https:\/\/www.restaurantscanada.org\/#\/schema\/person\/ed39abb621816077257a61b0cce3b8ed","name":"Jess Landesman","image":{"@type":"ImageObject","inLanguage":"fr-FR","@id":"https:\/\/www.restaurantscanada.org\/#\/schema\/person\/image\/","url":"https:\/\/secure.gravatar.com\/avatar\/0edc82a9582fb686c9dca33704df7e3ff392cda36548e4cf6b190ae33e7545f1?s=96&d=mm&r=g","contentUrl":"https:\/\/secure.gravatar.com\/avatar\/0edc82a9582fb686c9dca33704df7e3ff392cda36548e4cf6b190ae33e7545f1?s=96&d=mm&r=g","caption":"Jess Landesman"},"url":"https:\/\/www.restaurantscanada.org\/fr\/author\/jlandesmanrestaurantscanada-org\/"}]}},"_links":{"self":[{"href":"https:\/\/www.restaurantscanada.org\/fr\/wp-json\/wp\/v2\/posts\/1056","targetHints":{"allow":["GET"]}}],"collection":[{"href":"https:\/\/www.restaurantscanada.org\/fr\/wp-json\/wp\/v2\/posts"}],"about":[{"href":"https:\/\/www.restaurantscanada.org\/fr\/wp-json\/wp\/v2\/types\/post"}],"author":[{"embeddable":true,"href":"https:\/\/www.restaurantscanada.org\/fr\/wp-json\/wp\/v2\/users\/5"}],"replies":[{"embeddable":true,"href":"https:\/\/www.restaurantscanada.org\/fr\/wp-json\/wp\/v2\/comments?post=1056"}],"version-history":[{"count":0,"href":"https:\/\/www.restaurantscanada.org\/fr\/wp-json\/wp\/v2\/posts\/1056\/revisions"}],"wp:featuredmedia":[{"embeddable":true,"href":"https:\/\/www.restaurantscanada.org\/fr\/wp-json\/wp\/v2\/media\/806"}],"wp:attachment":[{"href":"https:\/\/www.restaurantscanada.org\/fr\/wp-json\/wp\/v2\/media?parent=1056"}],"wp:term":[{"taxonomy":"category","embeddable":true,"href":"https:\/\/www.restaurantscanada.org\/fr\/wp-json\/wp\/v2\/categories?post=1056"},{"taxonomy":"post_tag","embeddable":true,"href":"https:\/\/www.restaurantscanada.org\/fr\/wp-json\/wp\/v2\/tags?post=1056"},{"taxonomy":"advocacy-issue","embeddable":true,"href":"https:\/\/www.restaurantscanada.org\/fr\/wp-json\/wp\/v2\/advocacy-issue?post=1056"},{"taxonomy":"news-region","embeddable":true,"href":"https:\/\/www.restaurantscanada.org\/fr\/wp-json\/wp\/v2\/news-region?post=1056"}],"curies":[{"name":"wp","href":"https:\/\/api.w.org\/{rel}","templated":true}]}}