{"id":4161,"date":"2024-10-25T09:36:04","date_gmt":"2024-10-25T13:36:04","guid":{"rendered":"https:\/\/www.restaurantscanada.org\/?p=4161"},"modified":"2024-11-08T14:09:18","modified_gmt":"2024-11-08T19:09:18","slug":"restaurants-canada-statement-on-federal-governments-announcement-of-new-cuts-to-immigration-targets","status":"publish","type":"post","link":"https:\/\/www.restaurantscanada.org\/fr\/restaurants-canada-statement-on-federal-governments-announcement-of-new-cuts-to-immigration-targets\/","title":{"rendered":"Restaurants Canada statement on federal government\u2019s announcement of new cuts to immigration targets"},"content":{"rendered":"\n<p>Restaurants Canada is disappointed by yesterday\u2019s announcement by the Minister of Immigration, Refugees and Citizenship of further cuts to Canada\u2019s immigration targets. This follows months of cuts to different streams of the immigration system made rapidly and with no consideration for Canada\u2019s foodservice industry, which continues to face persistent labour shortages. There are currently 78,000 vacant jobs across the industry.<\/p>\n\n\n\n<p>&nbsp;Canada\u2019s restaurant and foodservice industry is the fourth largest employer nationally, representing 1.2 million workers, and the number one source of first-time jobs for Canadians. Canadians make 23 million trips to a restaurant every day.<\/p>\n\n\n\n<p>While government is focused on future immigration targets, they remain silent on the current unemployment rates among newcomers already in Canada. For more than a year, Restaurants Canada has been advocating for a matching and training program to connect the approximately 1 million unemployed newcomers holding open work permits with jobs in industries like foodservice, particularly in regions outside the major metropolitan centers. We are also asking the government to work with the foodservice industry on strategies to attract more Canadian workers, especially youth.<\/p>\n\n\n\n<p>Foodservice operators are committed to creating and maintaining strong and competitive jobs. Our industry has seen the second largest average hourly wage increase of any sector since 2022, while a staggering 53% of restaurant companies are currently operating at a loss or just breaking even. The federal government can lower the cost of doing business and put more money in workers\u2019 pockets by reducing payroll taxes by 2%. This would allow operators to continue investing in their workforce. Again, government is silent on initiatives to help with affordability challenges.<\/p>\n\n\n\n<p>These cuts to our immigration levels will inevitably impact the quality and cost of the day-to-day lives of Canadians. We need to align Canada\u2019s labour force with its current and future needs. Without this alignment, reductions to immigration levels may cost us Canadian jobs and lead to more business closures in the months to come.<\/p>\n\n\n\n<p>&#8211; <strong>Kelly Higginson, President &amp; CEO of Restaurants Canada.<\/strong><\/p>\n\n\n\n<p>For all media inquiries, please send an email to\u00a0<a href=\"mailto:media@restaurantscanada.org\">media@restaurantscanada.org<\/a><\/p>\n","protected":false},"excerpt":{"rendered":"<p>Restaurants Canada is disappointed by yesterday\u2019s announcement by the Minister of Immigration, Refugees and Citizenship of further cuts&#8230;<\/p>\n","protected":false},"author":38,"featured_media":4164,"comment_status":"open","ping_status":"open","sticky":false,"template":"","format":"standard","meta":{"_acf_changed":false,"footnotes":""},"categories":[1,82],"tags":[],"advocacy-issue":[335],"news-region":[27],"class_list":["post-4161","post","type-post","status-publish","format-standard","has-post-thumbnail","hentry","category-news","category-press","advocacy-issue-immigration","news-region-national"],"acf":[],"yoast_head":"<!-- This site is optimized with the Yoast SEO plugin v27.0 - https:\/\/yoast.com\/product\/yoast-seo-wordpress\/ -->\n<title>Restaurants Canada statement on federal government\u2019s announcement of new cuts to immigration targets - Restaurants Canada<\/title>\n<meta name=\"robots\" content=\"index, follow, max-snippet:-1, max-image-preview:large, max-video-preview:-1\" \/>\n<link rel=\"canonical\" href=\"https:\/\/www.restaurantscanada.org\/restaurants-canada-statement-on-federal-governments-announcement-of-new-cuts-to-immigration-targets\/\" \/>\n<meta property=\"og:locale\" content=\"fr_FR\" \/>\n<meta property=\"og:type\" content=\"article\" \/>\n<meta property=\"og:title\" content=\"Restaurants Canada statement on federal government\u2019s announcement of new cuts to immigration targets - Restaurants Canada\" \/>\n<meta property=\"og:description\" content=\"Restaurants Canada is disappointed by yesterday\u2019s announcement by the Minister of Immigration, Refugees and Citizenship of further cuts...\" \/>\n<meta property=\"og:url\" content=\"https:\/\/www.restaurantscanada.org\/restaurants-canada-statement-on-federal-governments-announcement-of-new-cuts-to-immigration-targets\/\" \/>\n<meta property=\"og:site_name\" content=\"Restaurants Canada\" \/>\n<meta property=\"article:publisher\" content=\"https:\/\/www.facebook.com\/RestaurantsCanada\" \/>\n<meta property=\"article:published_time\" content=\"2024-10-25T13:36:04+00:00\" \/>\n<meta property=\"article:modified_time\" content=\"2024-11-08T19:09:18+00:00\" \/>\n<meta property=\"og:image\" content=\"https:\/\/www.restaurantscanada.org\/wp-content\/uploads\/2024\/10\/immigration-1024x768.png\" \/>\n\t<meta property=\"og:image:width\" content=\"1024\" \/>\n\t<meta property=\"og:image:height\" content=\"768\" \/>\n\t<meta property=\"og:image:type\" content=\"image\/png\" \/>\n<meta name=\"author\" content=\"digital@restaurantscanada.org\" \/>\n<meta name=\"twitter:card\" content=\"summary_large_image\" \/>\n<meta name=\"twitter:creator\" content=\"@RestaurantsCA\" \/>\n<meta name=\"twitter:site\" content=\"@RestaurantsCA\" \/>\n<meta name=\"twitter:label1\" content=\"\u00c9crit par\" \/>\n\t<meta name=\"twitter:data1\" content=\"digital@restaurantscanada.org\" \/>\n\t<meta name=\"twitter:label2\" content=\"Dur\u00e9e de lecture estim\u00e9e\" \/>\n\t<meta name=\"twitter:data2\" content=\"2 minutes\" \/>\n<script type=\"application\/ld+json\" class=\"yoast-schema-graph\">{\"@context\":\"https:\/\/schema.org\",\"@graph\":[{\"@type\":\"Article\",\"@id\":\"https:\/\/www.restaurantscanada.org\/restaurants-canada-statement-on-federal-governments-announcement-of-new-cuts-to-immigration-targets\/#article\",\"isPartOf\":{\"@id\":\"https:\/\/www.restaurantscanada.org\/restaurants-canada-statement-on-federal-governments-announcement-of-new-cuts-to-immigration-targets\/\"},\"author\":{\"name\":\"digital@restaurantscanada.org\",\"@id\":\"https:\/\/www.restaurantscanada.org\/#\/schema\/person\/50930023f94a02bfed80a251d0c1a5f0\"},\"headline\":\"Restaurants Canada statement on federal government\u2019s announcement of new cuts to immigration targets\",\"datePublished\":\"2024-10-25T13:36:04+00:00\",\"dateModified\":\"2024-11-08T19:09:18+00:00\",\"mainEntityOfPage\":{\"@id\":\"https:\/\/www.restaurantscanada.org\/restaurants-canada-statement-on-federal-governments-announcement-of-new-cuts-to-immigration-targets\/\"},\"wordCount\":357,\"commentCount\":0,\"publisher\":{\"@id\":\"https:\/\/www.restaurantscanada.org\/#organization\"},\"image\":{\"@id\":\"https:\/\/www.restaurantscanada.org\/restaurants-canada-statement-on-federal-governments-announcement-of-new-cuts-to-immigration-targets\/#primaryimage\"},\"thumbnailUrl\":\"https:\/\/www.restaurantscanada.org\/wp-content\/uploads\/2024\/10\/immigration-e1729863172217.png\",\"articleSection\":[\"News\",\"Press\"],\"inLanguage\":\"fr-FR\",\"potentialAction\":[{\"@type\":\"CommentAction\",\"name\":\"Comment\",\"target\":[\"https:\/\/www.restaurantscanada.org\/restaurants-canada-statement-on-federal-governments-announcement-of-new-cuts-to-immigration-targets\/#respond\"]}]},{\"@type\":\"WebPage\",\"@id\":\"https:\/\/www.restaurantscanada.org\/restaurants-canada-statement-on-federal-governments-announcement-of-new-cuts-to-immigration-targets\/\",\"url\":\"https:\/\/www.restaurantscanada.org\/restaurants-canada-statement-on-federal-governments-announcement-of-new-cuts-to-immigration-targets\/\",\"name\":\"Restaurants Canada statement on federal government\u2019s announcement of new cuts to immigration targets - Restaurants Canada\",\"isPartOf\":{\"@id\":\"https:\/\/www.restaurantscanada.org\/#website\"},\"primaryImageOfPage\":{\"@id\":\"https:\/\/www.restaurantscanada.org\/restaurants-canada-statement-on-federal-governments-announcement-of-new-cuts-to-immigration-targets\/#primaryimage\"},\"image\":{\"@id\":\"https:\/\/www.restaurantscanada.org\/restaurants-canada-statement-on-federal-governments-announcement-of-new-cuts-to-immigration-targets\/#primaryimage\"},\"thumbnailUrl\":\"https:\/\/www.restaurantscanada.org\/wp-content\/uploads\/2024\/10\/immigration-e1729863172217.png\",\"datePublished\":\"2024-10-25T13:36:04+00:00\",\"dateModified\":\"2024-11-08T19:09:18+00:00\",\"breadcrumb\":{\"@id\":\"https:\/\/www.restaurantscanada.org\/restaurants-canada-statement-on-federal-governments-announcement-of-new-cuts-to-immigration-targets\/#breadcrumb\"},\"inLanguage\":\"fr-FR\",\"potentialAction\":[{\"@type\":\"ReadAction\",\"target\":[\"https:\/\/www.restaurantscanada.org\/restaurants-canada-statement-on-federal-governments-announcement-of-new-cuts-to-immigration-targets\/\"]}]},{\"@type\":\"ImageObject\",\"inLanguage\":\"fr-FR\",\"@id\":\"https:\/\/www.restaurantscanada.org\/restaurants-canada-statement-on-federal-governments-announcement-of-new-cuts-to-immigration-targets\/#primaryimage\",\"url\":\"https:\/\/www.restaurantscanada.org\/wp-content\/uploads\/2024\/10\/immigration-e1729863172217.png\",\"contentUrl\":\"https:\/\/www.restaurantscanada.org\/wp-content\/uploads\/2024\/10\/immigration-e1729863172217.png\",\"width\":998,\"height\":704},{\"@type\":\"BreadcrumbList\",\"@id\":\"https:\/\/www.restaurantscanada.org\/restaurants-canada-statement-on-federal-governments-announcement-of-new-cuts-to-immigration-targets\/#breadcrumb\",\"itemListElement\":[{\"@type\":\"ListItem\",\"position\":1,\"name\":\"Home\",\"item\":\"https:\/\/www.restaurantscanada.org\/fr\/\"},{\"@type\":\"ListItem\",\"position\":2,\"name\":\"Restaurants Canada statement on federal government\u2019s announcement of new cuts to immigration targets\"}]},{\"@type\":\"WebSite\",\"@id\":\"https:\/\/www.restaurantscanada.org\/#website\",\"url\":\"https:\/\/www.restaurantscanada.org\/\",\"name\":\"Restaurants Canada\",\"description\":\"La voix des services alimentaires\",\"publisher\":{\"@id\":\"https:\/\/www.restaurantscanada.org\/#organization\"},\"potentialAction\":[{\"@type\":\"SearchAction\",\"target\":{\"@type\":\"EntryPoint\",\"urlTemplate\":\"https:\/\/www.restaurantscanada.org\/?s={search_term_string}\"},\"query-input\":{\"@type\":\"PropertyValueSpecification\",\"valueRequired\":true,\"valueName\":\"search_term_string\"}}],\"inLanguage\":\"fr-FR\"},{\"@type\":\"Organization\",\"@id\":\"https:\/\/www.restaurantscanada.org\/#organization\",\"name\":\"Restaurants Canada\",\"alternateName\":\"RC\",\"url\":\"https:\/\/www.restaurantscanada.org\/\",\"logo\":{\"@type\":\"ImageObject\",\"inLanguage\":\"fr-FR\",\"@id\":\"https:\/\/www.restaurantscanada.org\/#\/schema\/logo\/image\/\",\"url\":\"https:\/\/rcsparkdev.wpenginepowered.com\/wp-content\/uploads\/2024\/01\/rc-brand-colour.svg\",\"contentUrl\":\"https:\/\/rcsparkdev.wpenginepowered.com\/wp-content\/uploads\/2024\/01\/rc-brand-colour.svg\",\"width\":1,\"height\":1,\"caption\":\"Restaurants Canada\"},\"image\":{\"@id\":\"https:\/\/www.restaurantscanada.org\/#\/schema\/logo\/image\/\"},\"sameAs\":[\"https:\/\/www.facebook.com\/RestaurantsCanada\",\"https:\/\/x.com\/RestaurantsCA\"]},{\"@type\":\"Person\",\"@id\":\"https:\/\/www.restaurantscanada.org\/#\/schema\/person\/50930023f94a02bfed80a251d0c1a5f0\",\"name\":\"digital@restaurantscanada.org\",\"image\":{\"@type\":\"ImageObject\",\"inLanguage\":\"fr-FR\",\"@id\":\"https:\/\/www.restaurantscanada.org\/#\/schema\/person\/image\/\",\"url\":\"https:\/\/secure.gravatar.com\/avatar\/8347b4adcd1ae0524e1f22532fca6d6e8cbef66fb00cf0d753274e7b65dcb363?s=96&d=mm&r=g\",\"contentUrl\":\"https:\/\/secure.gravatar.com\/avatar\/8347b4adcd1ae0524e1f22532fca6d6e8cbef66fb00cf0d753274e7b65dcb363?s=96&d=mm&r=g\",\"caption\":\"digital@restaurantscanada.org\"},\"url\":\"https:\/\/www.restaurantscanada.org\/fr\/author\/digitalrestaurantscanada-org\/\"}]}<\/script>\n<!-- \/ Yoast SEO plugin. -->","yoast_head_json":{"title":"Restaurants Canada statement on federal government\u2019s announcement of new cuts to immigration targets - Restaurants Canada","robots":{"index":"index","follow":"follow","max-snippet":"max-snippet:-1","max-image-preview":"max-image-preview:large","max-video-preview":"max-video-preview:-1"},"canonical":"https:\/\/www.restaurantscanada.org\/restaurants-canada-statement-on-federal-governments-announcement-of-new-cuts-to-immigration-targets\/","og_locale":"fr_FR","og_type":"article","og_title":"Restaurants Canada statement on federal government\u2019s announcement of new cuts to immigration targets - Restaurants Canada","og_description":"Restaurants Canada is disappointed by yesterday\u2019s announcement by the Minister of Immigration, Refugees and Citizenship of further cuts...","og_url":"https:\/\/www.restaurantscanada.org\/restaurants-canada-statement-on-federal-governments-announcement-of-new-cuts-to-immigration-targets\/","og_site_name":"Restaurants Canada","article_publisher":"https:\/\/www.facebook.com\/RestaurantsCanada","article_published_time":"2024-10-25T13:36:04+00:00","article_modified_time":"2024-11-08T19:09:18+00:00","og_image":[{"width":1024,"height":768,"url":"https:\/\/www.restaurantscanada.org\/wp-content\/uploads\/2024\/10\/immigration-1024x768.png","type":"image\/png"}],"author":"digital@restaurantscanada.org","twitter_card":"summary_large_image","twitter_creator":"@RestaurantsCA","twitter_site":"@RestaurantsCA","twitter_misc":{"\u00c9crit par":"digital@restaurantscanada.org","Dur\u00e9e de lecture estim\u00e9e":"2 minutes"},"schema":{"@context":"https:\/\/schema.org","@graph":[{"@type":"Article","@id":"https:\/\/www.restaurantscanada.org\/restaurants-canada-statement-on-federal-governments-announcement-of-new-cuts-to-immigration-targets\/#article","isPartOf":{"@id":"https:\/\/www.restaurantscanada.org\/restaurants-canada-statement-on-federal-governments-announcement-of-new-cuts-to-immigration-targets\/"},"author":{"name":"digital@restaurantscanada.org","@id":"https:\/\/www.restaurantscanada.org\/#\/schema\/person\/50930023f94a02bfed80a251d0c1a5f0"},"headline":"Restaurants Canada statement on federal government\u2019s announcement of new cuts to immigration targets","datePublished":"2024-10-25T13:36:04+00:00","dateModified":"2024-11-08T19:09:18+00:00","mainEntityOfPage":{"@id":"https:\/\/www.restaurantscanada.org\/restaurants-canada-statement-on-federal-governments-announcement-of-new-cuts-to-immigration-targets\/"},"wordCount":357,"commentCount":0,"publisher":{"@id":"https:\/\/www.restaurantscanada.org\/#organization"},"image":{"@id":"https:\/\/www.restaurantscanada.org\/restaurants-canada-statement-on-federal-governments-announcement-of-new-cuts-to-immigration-targets\/#primaryimage"},"thumbnailUrl":"https:\/\/www.restaurantscanada.org\/wp-content\/uploads\/2024\/10\/immigration-e1729863172217.png","articleSection":["News","Press"],"inLanguage":"fr-FR","potentialAction":[{"@type":"CommentAction","name":"Comment","target":["https:\/\/www.restaurantscanada.org\/restaurants-canada-statement-on-federal-governments-announcement-of-new-cuts-to-immigration-targets\/#respond"]}]},{"@type":"WebPage","@id":"https:\/\/www.restaurantscanada.org\/restaurants-canada-statement-on-federal-governments-announcement-of-new-cuts-to-immigration-targets\/","url":"https:\/\/www.restaurantscanada.org\/restaurants-canada-statement-on-federal-governments-announcement-of-new-cuts-to-immigration-targets\/","name":"Restaurants Canada statement on federal government\u2019s announcement of new cuts to immigration targets - Restaurants Canada","isPartOf":{"@id":"https:\/\/www.restaurantscanada.org\/#website"},"primaryImageOfPage":{"@id":"https:\/\/www.restaurantscanada.org\/restaurants-canada-statement-on-federal-governments-announcement-of-new-cuts-to-immigration-targets\/#primaryimage"},"image":{"@id":"https:\/\/www.restaurantscanada.org\/restaurants-canada-statement-on-federal-governments-announcement-of-new-cuts-to-immigration-targets\/#primaryimage"},"thumbnailUrl":"https:\/\/www.restaurantscanada.org\/wp-content\/uploads\/2024\/10\/immigration-e1729863172217.png","datePublished":"2024-10-25T13:36:04+00:00","dateModified":"2024-11-08T19:09:18+00:00","breadcrumb":{"@id":"https:\/\/www.restaurantscanada.org\/restaurants-canada-statement-on-federal-governments-announcement-of-new-cuts-to-immigration-targets\/#breadcrumb"},"inLanguage":"fr-FR","potentialAction":[{"@type":"ReadAction","target":["https:\/\/www.restaurantscanada.org\/restaurants-canada-statement-on-federal-governments-announcement-of-new-cuts-to-immigration-targets\/"]}]},{"@type":"ImageObject","inLanguage":"fr-FR","@id":"https:\/\/www.restaurantscanada.org\/restaurants-canada-statement-on-federal-governments-announcement-of-new-cuts-to-immigration-targets\/#primaryimage","url":"https:\/\/www.restaurantscanada.org\/wp-content\/uploads\/2024\/10\/immigration-e1729863172217.png","contentUrl":"https:\/\/www.restaurantscanada.org\/wp-content\/uploads\/2024\/10\/immigration-e1729863172217.png","width":998,"height":704},{"@type":"BreadcrumbList","@id":"https:\/\/www.restaurantscanada.org\/restaurants-canada-statement-on-federal-governments-announcement-of-new-cuts-to-immigration-targets\/#breadcrumb","itemListElement":[{"@type":"ListItem","position":1,"name":"Home","item":"https:\/\/www.restaurantscanada.org\/fr\/"},{"@type":"ListItem","position":2,"name":"Restaurants Canada statement on federal government\u2019s announcement of new cuts to immigration targets"}]},{"@type":"WebSite","@id":"https:\/\/www.restaurantscanada.org\/#website","url":"https:\/\/www.restaurantscanada.org\/","name":"Restaurants Canada","description":"La voix des services alimentaires","publisher":{"@id":"https:\/\/www.restaurantscanada.org\/#organization"},"potentialAction":[{"@type":"SearchAction","target":{"@type":"EntryPoint","urlTemplate":"https:\/\/www.restaurantscanada.org\/?s={search_term_string}"},"query-input":{"@type":"PropertyValueSpecification","valueRequired":true,"valueName":"search_term_string"}}],"inLanguage":"fr-FR"},{"@type":"Organization","@id":"https:\/\/www.restaurantscanada.org\/#organization","name":"Restaurants Canada","alternateName":"RC","url":"https:\/\/www.restaurantscanada.org\/","logo":{"@type":"ImageObject","inLanguage":"fr-FR","@id":"https:\/\/www.restaurantscanada.org\/#\/schema\/logo\/image\/","url":"https:\/\/rcsparkdev.wpenginepowered.com\/wp-content\/uploads\/2024\/01\/rc-brand-colour.svg","contentUrl":"https:\/\/rcsparkdev.wpenginepowered.com\/wp-content\/uploads\/2024\/01\/rc-brand-colour.svg","width":1,"height":1,"caption":"Restaurants Canada"},"image":{"@id":"https:\/\/www.restaurantscanada.org\/#\/schema\/logo\/image\/"},"sameAs":["https:\/\/www.facebook.com\/RestaurantsCanada","https:\/\/x.com\/RestaurantsCA"]},{"@type":"Person","@id":"https:\/\/www.restaurantscanada.org\/#\/schema\/person\/50930023f94a02bfed80a251d0c1a5f0","name":"digital@restaurantscanada.org","image":{"@type":"ImageObject","inLanguage":"fr-FR","@id":"https:\/\/www.restaurantscanada.org\/#\/schema\/person\/image\/","url":"https:\/\/secure.gravatar.com\/avatar\/8347b4adcd1ae0524e1f22532fca6d6e8cbef66fb00cf0d753274e7b65dcb363?s=96&d=mm&r=g","contentUrl":"https:\/\/secure.gravatar.com\/avatar\/8347b4adcd1ae0524e1f22532fca6d6e8cbef66fb00cf0d753274e7b65dcb363?s=96&d=mm&r=g","caption":"digital@restaurantscanada.org"},"url":"https:\/\/www.restaurantscanada.org\/fr\/author\/digitalrestaurantscanada-org\/"}]}},"_links":{"self":[{"href":"https:\/\/www.restaurantscanada.org\/fr\/wp-json\/wp\/v2\/posts\/4161","targetHints":{"allow":["GET"]}}],"collection":[{"href":"https:\/\/www.restaurantscanada.org\/fr\/wp-json\/wp\/v2\/posts"}],"about":[{"href":"https:\/\/www.restaurantscanada.org\/fr\/wp-json\/wp\/v2\/types\/post"}],"author":[{"embeddable":true,"href":"https:\/\/www.restaurantscanada.org\/fr\/wp-json\/wp\/v2\/users\/38"}],"replies":[{"embeddable":true,"href":"https:\/\/www.restaurantscanada.org\/fr\/wp-json\/wp\/v2\/comments?post=4161"}],"version-history":[{"count":0,"href":"https:\/\/www.restaurantscanada.org\/fr\/wp-json\/wp\/v2\/posts\/4161\/revisions"}],"wp:featuredmedia":[{"embeddable":true,"href":"https:\/\/www.restaurantscanada.org\/fr\/wp-json\/wp\/v2\/media\/4164"}],"wp:attachment":[{"href":"https:\/\/www.restaurantscanada.org\/fr\/wp-json\/wp\/v2\/media?parent=4161"}],"wp:term":[{"taxonomy":"category","embeddable":true,"href":"https:\/\/www.restaurantscanada.org\/fr\/wp-json\/wp\/v2\/categories?post=4161"},{"taxonomy":"post_tag","embeddable":true,"href":"https:\/\/www.restaurantscanada.org\/fr\/wp-json\/wp\/v2\/tags?post=4161"},{"taxonomy":"advocacy-issue","embeddable":true,"href":"https:\/\/www.restaurantscanada.org\/fr\/wp-json\/wp\/v2\/advocacy-issue?post=4161"},{"taxonomy":"news-region","embeddable":true,"href":"https:\/\/www.restaurantscanada.org\/fr\/wp-json\/wp\/v2\/news-region?post=4161"}],"curies":[{"name":"wp","href":"https:\/\/api.w.org\/{rel}","templated":true}]}}