{"id":5779,"date":"2025-05-23T07:00:00","date_gmt":"2025-05-23T11:00:00","guid":{"rendered":"https:\/\/www.restaurantscanada.org\/?p=5779"},"modified":"2025-05-22T15:32:59","modified_gmt":"2025-05-22T19:32:59","slug":"declaration-de-restaurants-canada-sur-la-lettre-de-mandat-du-premier-ministre-carney","status":"publish","type":"post","link":"https:\/\/www.restaurantscanada.org\/fr\/declaration-de-restaurants-canada-sur-la-lettre-de-mandat-du-premier-ministre-carney\/","title":{"rendered":"D\u00e9claration de Restaurants Canada sur la lettre de mandat du Premier ministre Carney"},"content":{"rendered":"\n<p>Restaurants Canada se r\u00e9jouit de voir que l\u2019abordabilit\u00e9 et le commerce int\u00e9rieur figurent en t\u00eate des priorit\u00e9s dans la lettre de mandat du Premier ministre Carney publi\u00e9 avant le discours du Tr\u00f4ne.<\/p>\n\n<p>Dans le cadre de sa mission visant \u00e0 rendre la vie plus abordable pour les Canadiens, nous exhortons le gouvernement \u00e0 exempter de fa\u00e7on permanente tous les aliments de la TPS\/TVH. Le cong\u00e9 r\u00e9cent de TPS\/TVH a entra\u00een\u00e9 une augmentation de 8,3 % des d\u00e9penses dans les restaurants, la cr\u00e9ation de 24 000 emplois dans le secteur de la restauration, une r\u00e9duction de 50 % des faillites dans notre industrie par rapport \u00e0 l\u2019ann\u00e9e pr\u00e9c\u00e9dente, et a contribu\u00e9 \u00e0 am\u00e9liorer la qualit\u00e9 de vie quotidienne des Canadiens. <\/p>\n\n<p>En p\u00e9riode d\u2019instabilit\u00e9 \u00e9conomique, les Canadiens r\u00e9duisent en premier lieu leurs d\u00e9penses au restaurant. En cons\u00e9quence, 53 % des \u00e9tablissements fonctionnent \u00e0 perte ou \u00e0 peine \u00e0 l\u2019\u00e9quilibre, contre seulement 12 % avant la pand\u00e9mie. L&rsquo;exon\u00e9ration permanente de la taxe sur la nourriture r\u00e9duirait le co\u00fbt de la vie pour les Canadiens qui travaillent fort, prot\u00e9gerait les emplois et stimulerait l&rsquo;\u00e9conomie, \u00e0 un moment o\u00f9 nous en avons d\u00e9sesp\u00e9r\u00e9ment besoin.<\/p>\n\n<p>L\u2019\u00e9limination des barri\u00e8res commerciales interprovinciales constitue \u00e9galement une priorit\u00e9 majeure pour l\u2019industrie de la restauration. Cela permettrait au secteur de diversifier ses cha\u00eenes d\u2019approvisionnement, d\u2019acheter davantage de produits canadiens et de b\u00e9n\u00e9ficier d\u2019un march\u00e9 plus concurrentiel. Cela pourrait aussi contribuer de mani\u00e8re significative au PIB et \u00e0 la productivit\u00e9 du Canada.<\/p>\n\n<p>Nous sommes \u00e9galement heureux de constater que le nouveau gouvernement envisage des strat\u00e9gies pour attirer les meilleurs talents \u00e9trangers au Canada, mais cette strat\u00e9gie doit inclure le secteur de la restauration. Le Canada a grandement b\u00e9n\u00e9fici\u00e9 de la diversit\u00e9 et du talent international qui fa\u00e7onnent la sc\u00e8ne culinaire d\u2019un oc\u00e9an \u00e0 l\u2019autre. Ces travailleurs, qu\u2019ils soient en cuisine ou en salle, ne devraient pas \u00eatre p\u00e9nalis\u00e9s ni renvoy\u00e9s apr\u00e8s s\u2019\u00eatre \u00e9tablis dans leur communaut\u00e9. Nous exhortons le gouvernement \u00e0 faire preuve de souplesse, en particulier \u00e0 l\u2019\u00e9gard des travailleurs \u00e9trangers de la restauration d\u00e9j\u00e0 pr\u00e9sents au pays avec un visa de travail et qui demandent la r\u00e9sidence permanente dans des r\u00e9gions \u00e9loign\u00e9es, rurales ou touristiques du Canada.<br\/><br\/><\/p>\n\n<p>&#8212; <strong>Janick Cormier, vice-pr\u00e9sidente pour l\u2019atlantique de Restaurants Canada<\/strong><\/p>\n\n<hr class=\"wp-block-separator has-alpha-channel-opacity is-style-dots\"\/>\n\n<h3 class=\"wp-block-heading\"><strong>Contact m\u00e9dia :<\/strong><\/h3>\n\n<p>Milena Stanoeva, Restaurants Canada | <a href=\"mailto:media@restaurantscanada.org\">media@restaurantscanada.org<\/a> | 647-921-1758<\/p>\n\n<h3 class=\"wp-block-heading\"><strong>\u00c0 propos de Restaurants Canada<\/strong><\/h3>\n\n<p>Restaurants Canada est une association nationale sans but lucratif qui \u0153uvre pour le d\u00e9veloppement d&rsquo;un secteur canadien de la restauration diversifi\u00e9 et dynamique. La restauration repr\u00e9sente une industrie de pr\u00e8s de 120 milliards de dollars, emploie 1,2 million de Canadiens et constitue la premi\u00e8re source de nouveaux emplois au Canada.<\/p>\n","protected":false},"excerpt":{"rendered":"<p>Restaurants Canada se r\u00e9jouit de voir que l\u2019abordabilit\u00e9 et le commerce int\u00e9rieur figurent en t\u00eate des priorit\u00e9s dans&#8230;<\/p>\n","protected":false},"author":5,"featured_media":0,"comment_status":"closed","ping_status":"closed","sticky":true,"template":"","format":"standard","meta":{"_acf_changed":false,"footnotes":""},"categories":[45,150],"tags":[],"advocacy-issue":[],"news-region":[375],"class_list":["post-5779","post","type-post","status-publish","format-standard","hentry","category-actualite","category-presse","news-region-national-fr"],"acf":[],"yoast_head":"<!-- This site is optimized with the Yoast SEO plugin v27.0 - https:\/\/yoast.com\/product\/yoast-seo-wordpress\/ -->\n<title>D\u00e9claration de Restaurants Canada sur la lettre de mandat du Premier ministre Carney - Restaurants Canada<\/title>\n<meta name=\"robots\" content=\"index, follow, max-snippet:-1, max-image-preview:large, max-video-preview:-1\" \/>\n<link rel=\"canonical\" href=\"https:\/\/www.restaurantscanada.org\/fr\/declaration-de-restaurants-canada-sur-la-lettre-de-mandat-du-premier-ministre-carney\/\" \/>\n<meta property=\"og:locale\" content=\"fr_FR\" \/>\n<meta property=\"og:type\" content=\"article\" \/>\n<meta property=\"og:title\" content=\"D\u00e9claration de Restaurants Canada sur la lettre de mandat du Premier ministre Carney - Restaurants Canada\" \/>\n<meta property=\"og:description\" content=\"Restaurants Canada se r\u00e9jouit de voir que l\u2019abordabilit\u00e9 et le commerce int\u00e9rieur figurent en t\u00eate des priorit\u00e9s dans...\" \/>\n<meta property=\"og:url\" content=\"https:\/\/www.restaurantscanada.org\/fr\/declaration-de-restaurants-canada-sur-la-lettre-de-mandat-du-premier-ministre-carney\/\" \/>\n<meta property=\"og:site_name\" content=\"Restaurants Canada\" \/>\n<meta property=\"article:publisher\" content=\"https:\/\/www.facebook.com\/RestaurantsCanada\" \/>\n<meta property=\"article:published_time\" content=\"2025-05-23T11:00:00+00:00\" \/>\n<meta name=\"author\" content=\"Jess Landesman\" \/>\n<meta name=\"twitter:card\" content=\"summary_large_image\" \/>\n<meta name=\"twitter:creator\" content=\"@RestaurantsCA\" \/>\n<meta name=\"twitter:site\" content=\"@RestaurantsCA\" \/>\n<meta name=\"twitter:label1\" content=\"\u00c9crit par\" \/>\n\t<meta name=\"twitter:data1\" content=\"Jess Landesman\" \/>\n\t<meta name=\"twitter:label2\" content=\"Dur\u00e9e de lecture estim\u00e9e\" \/>\n\t<meta name=\"twitter:data2\" content=\"2 minutes\" \/>\n<script type=\"application\/ld+json\" class=\"yoast-schema-graph\">{\"@context\":\"https:\/\/schema.org\",\"@graph\":[{\"@type\":\"Article\",\"@id\":\"https:\/\/www.restaurantscanada.org\/fr\/declaration-de-restaurants-canada-sur-la-lettre-de-mandat-du-premier-ministre-carney\/#article\",\"isPartOf\":{\"@id\":\"https:\/\/www.restaurantscanada.org\/fr\/declaration-de-restaurants-canada-sur-la-lettre-de-mandat-du-premier-ministre-carney\/\"},\"author\":{\"name\":\"Jess Landesman\",\"@id\":\"https:\/\/www.restaurantscanada.org\/#\/schema\/person\/ed39abb621816077257a61b0cce3b8ed\"},\"headline\":\"D\u00e9claration de Restaurants Canada sur la lettre de mandat du Premier ministre Carney\",\"datePublished\":\"2025-05-23T11:00:00+00:00\",\"mainEntityOfPage\":{\"@id\":\"https:\/\/www.restaurantscanada.org\/fr\/declaration-de-restaurants-canada-sur-la-lettre-de-mandat-du-premier-ministre-carney\/\"},\"wordCount\":495,\"publisher\":{\"@id\":\"https:\/\/www.restaurantscanada.org\/#organization\"},\"articleSection\":[\"Actualit\u00e9\",\"Presse\"],\"inLanguage\":\"fr-FR\"},{\"@type\":\"WebPage\",\"@id\":\"https:\/\/www.restaurantscanada.org\/fr\/declaration-de-restaurants-canada-sur-la-lettre-de-mandat-du-premier-ministre-carney\/\",\"url\":\"https:\/\/www.restaurantscanada.org\/fr\/declaration-de-restaurants-canada-sur-la-lettre-de-mandat-du-premier-ministre-carney\/\",\"name\":\"D\u00e9claration de Restaurants Canada sur la lettre de mandat du Premier ministre Carney - Restaurants Canada\",\"isPartOf\":{\"@id\":\"https:\/\/www.restaurantscanada.org\/#website\"},\"datePublished\":\"2025-05-23T11:00:00+00:00\",\"breadcrumb\":{\"@id\":\"https:\/\/www.restaurantscanada.org\/fr\/declaration-de-restaurants-canada-sur-la-lettre-de-mandat-du-premier-ministre-carney\/#breadcrumb\"},\"inLanguage\":\"fr-FR\",\"potentialAction\":[{\"@type\":\"ReadAction\",\"target\":[\"https:\/\/www.restaurantscanada.org\/fr\/declaration-de-restaurants-canada-sur-la-lettre-de-mandat-du-premier-ministre-carney\/\"]}]},{\"@type\":\"BreadcrumbList\",\"@id\":\"https:\/\/www.restaurantscanada.org\/fr\/declaration-de-restaurants-canada-sur-la-lettre-de-mandat-du-premier-ministre-carney\/#breadcrumb\",\"itemListElement\":[{\"@type\":\"ListItem\",\"position\":1,\"name\":\"Home\",\"item\":\"https:\/\/www.restaurantscanada.org\/fr\/\"},{\"@type\":\"ListItem\",\"position\":2,\"name\":\"D\u00e9claration de Restaurants Canada sur la lettre de mandat du Premier ministre Carney\"}]},{\"@type\":\"WebSite\",\"@id\":\"https:\/\/www.restaurantscanada.org\/#website\",\"url\":\"https:\/\/www.restaurantscanada.org\/\",\"name\":\"Restaurants Canada\",\"description\":\"La voix des services alimentaires\",\"publisher\":{\"@id\":\"https:\/\/www.restaurantscanada.org\/#organization\"},\"potentialAction\":[{\"@type\":\"SearchAction\",\"target\":{\"@type\":\"EntryPoint\",\"urlTemplate\":\"https:\/\/www.restaurantscanada.org\/?s={search_term_string}\"},\"query-input\":{\"@type\":\"PropertyValueSpecification\",\"valueRequired\":true,\"valueName\":\"search_term_string\"}}],\"inLanguage\":\"fr-FR\"},{\"@type\":\"Organization\",\"@id\":\"https:\/\/www.restaurantscanada.org\/#organization\",\"name\":\"Restaurants Canada\",\"alternateName\":\"RC\",\"url\":\"https:\/\/www.restaurantscanada.org\/\",\"logo\":{\"@type\":\"ImageObject\",\"inLanguage\":\"fr-FR\",\"@id\":\"https:\/\/www.restaurantscanada.org\/#\/schema\/logo\/image\/\",\"url\":\"https:\/\/rcsparkdev.wpenginepowered.com\/wp-content\/uploads\/2024\/01\/rc-brand-colour.svg\",\"contentUrl\":\"https:\/\/rcsparkdev.wpenginepowered.com\/wp-content\/uploads\/2024\/01\/rc-brand-colour.svg\",\"width\":1,\"height\":1,\"caption\":\"Restaurants Canada\"},\"image\":{\"@id\":\"https:\/\/www.restaurantscanada.org\/#\/schema\/logo\/image\/\"},\"sameAs\":[\"https:\/\/www.facebook.com\/RestaurantsCanada\",\"https:\/\/x.com\/RestaurantsCA\"]},{\"@type\":\"Person\",\"@id\":\"https:\/\/www.restaurantscanada.org\/#\/schema\/person\/ed39abb621816077257a61b0cce3b8ed\",\"name\":\"Jess Landesman\",\"image\":{\"@type\":\"ImageObject\",\"inLanguage\":\"fr-FR\",\"@id\":\"https:\/\/www.restaurantscanada.org\/#\/schema\/person\/image\/\",\"url\":\"https:\/\/secure.gravatar.com\/avatar\/0edc82a9582fb686c9dca33704df7e3ff392cda36548e4cf6b190ae33e7545f1?s=96&d=mm&r=g\",\"contentUrl\":\"https:\/\/secure.gravatar.com\/avatar\/0edc82a9582fb686c9dca33704df7e3ff392cda36548e4cf6b190ae33e7545f1?s=96&d=mm&r=g\",\"caption\":\"Jess Landesman\"},\"url\":\"https:\/\/www.restaurantscanada.org\/fr\/author\/jlandesmanrestaurantscanada-org\/\"}]}<\/script>\n<!-- \/ Yoast SEO plugin. -->","yoast_head_json":{"title":"D\u00e9claration de Restaurants Canada sur la lettre de mandat du Premier ministre Carney - Restaurants Canada","robots":{"index":"index","follow":"follow","max-snippet":"max-snippet:-1","max-image-preview":"max-image-preview:large","max-video-preview":"max-video-preview:-1"},"canonical":"https:\/\/www.restaurantscanada.org\/fr\/declaration-de-restaurants-canada-sur-la-lettre-de-mandat-du-premier-ministre-carney\/","og_locale":"fr_FR","og_type":"article","og_title":"D\u00e9claration de Restaurants Canada sur la lettre de mandat du Premier ministre Carney - Restaurants Canada","og_description":"Restaurants Canada se r\u00e9jouit de voir que l\u2019abordabilit\u00e9 et le commerce int\u00e9rieur figurent en t\u00eate des priorit\u00e9s dans...","og_url":"https:\/\/www.restaurantscanada.org\/fr\/declaration-de-restaurants-canada-sur-la-lettre-de-mandat-du-premier-ministre-carney\/","og_site_name":"Restaurants Canada","article_publisher":"https:\/\/www.facebook.com\/RestaurantsCanada","article_published_time":"2025-05-23T11:00:00+00:00","author":"Jess Landesman","twitter_card":"summary_large_image","twitter_creator":"@RestaurantsCA","twitter_site":"@RestaurantsCA","twitter_misc":{"\u00c9crit par":"Jess Landesman","Dur\u00e9e de lecture estim\u00e9e":"2 minutes"},"schema":{"@context":"https:\/\/schema.org","@graph":[{"@type":"Article","@id":"https:\/\/www.restaurantscanada.org\/fr\/declaration-de-restaurants-canada-sur-la-lettre-de-mandat-du-premier-ministre-carney\/#article","isPartOf":{"@id":"https:\/\/www.restaurantscanada.org\/fr\/declaration-de-restaurants-canada-sur-la-lettre-de-mandat-du-premier-ministre-carney\/"},"author":{"name":"Jess Landesman","@id":"https:\/\/www.restaurantscanada.org\/#\/schema\/person\/ed39abb621816077257a61b0cce3b8ed"},"headline":"D\u00e9claration de Restaurants Canada sur la lettre de mandat du Premier ministre Carney","datePublished":"2025-05-23T11:00:00+00:00","mainEntityOfPage":{"@id":"https:\/\/www.restaurantscanada.org\/fr\/declaration-de-restaurants-canada-sur-la-lettre-de-mandat-du-premier-ministre-carney\/"},"wordCount":495,"publisher":{"@id":"https:\/\/www.restaurantscanada.org\/#organization"},"articleSection":["Actualit\u00e9","Presse"],"inLanguage":"fr-FR"},{"@type":"WebPage","@id":"https:\/\/www.restaurantscanada.org\/fr\/declaration-de-restaurants-canada-sur-la-lettre-de-mandat-du-premier-ministre-carney\/","url":"https:\/\/www.restaurantscanada.org\/fr\/declaration-de-restaurants-canada-sur-la-lettre-de-mandat-du-premier-ministre-carney\/","name":"D\u00e9claration de Restaurants Canada sur la lettre de mandat du Premier ministre Carney - Restaurants Canada","isPartOf":{"@id":"https:\/\/www.restaurantscanada.org\/#website"},"datePublished":"2025-05-23T11:00:00+00:00","breadcrumb":{"@id":"https:\/\/www.restaurantscanada.org\/fr\/declaration-de-restaurants-canada-sur-la-lettre-de-mandat-du-premier-ministre-carney\/#breadcrumb"},"inLanguage":"fr-FR","potentialAction":[{"@type":"ReadAction","target":["https:\/\/www.restaurantscanada.org\/fr\/declaration-de-restaurants-canada-sur-la-lettre-de-mandat-du-premier-ministre-carney\/"]}]},{"@type":"BreadcrumbList","@id":"https:\/\/www.restaurantscanada.org\/fr\/declaration-de-restaurants-canada-sur-la-lettre-de-mandat-du-premier-ministre-carney\/#breadcrumb","itemListElement":[{"@type":"ListItem","position":1,"name":"Home","item":"https:\/\/www.restaurantscanada.org\/fr\/"},{"@type":"ListItem","position":2,"name":"D\u00e9claration de Restaurants Canada sur la lettre de mandat du Premier ministre Carney"}]},{"@type":"WebSite","@id":"https:\/\/www.restaurantscanada.org\/#website","url":"https:\/\/www.restaurantscanada.org\/","name":"Restaurants Canada","description":"La voix des services alimentaires","publisher":{"@id":"https:\/\/www.restaurantscanada.org\/#organization"},"potentialAction":[{"@type":"SearchAction","target":{"@type":"EntryPoint","urlTemplate":"https:\/\/www.restaurantscanada.org\/?s={search_term_string}"},"query-input":{"@type":"PropertyValueSpecification","valueRequired":true,"valueName":"search_term_string"}}],"inLanguage":"fr-FR"},{"@type":"Organization","@id":"https:\/\/www.restaurantscanada.org\/#organization","name":"Restaurants Canada","alternateName":"RC","url":"https:\/\/www.restaurantscanada.org\/","logo":{"@type":"ImageObject","inLanguage":"fr-FR","@id":"https:\/\/www.restaurantscanada.org\/#\/schema\/logo\/image\/","url":"https:\/\/rcsparkdev.wpenginepowered.com\/wp-content\/uploads\/2024\/01\/rc-brand-colour.svg","contentUrl":"https:\/\/rcsparkdev.wpenginepowered.com\/wp-content\/uploads\/2024\/01\/rc-brand-colour.svg","width":1,"height":1,"caption":"Restaurants Canada"},"image":{"@id":"https:\/\/www.restaurantscanada.org\/#\/schema\/logo\/image\/"},"sameAs":["https:\/\/www.facebook.com\/RestaurantsCanada","https:\/\/x.com\/RestaurantsCA"]},{"@type":"Person","@id":"https:\/\/www.restaurantscanada.org\/#\/schema\/person\/ed39abb621816077257a61b0cce3b8ed","name":"Jess Landesman","image":{"@type":"ImageObject","inLanguage":"fr-FR","@id":"https:\/\/www.restaurantscanada.org\/#\/schema\/person\/image\/","url":"https:\/\/secure.gravatar.com\/avatar\/0edc82a9582fb686c9dca33704df7e3ff392cda36548e4cf6b190ae33e7545f1?s=96&d=mm&r=g","contentUrl":"https:\/\/secure.gravatar.com\/avatar\/0edc82a9582fb686c9dca33704df7e3ff392cda36548e4cf6b190ae33e7545f1?s=96&d=mm&r=g","caption":"Jess Landesman"},"url":"https:\/\/www.restaurantscanada.org\/fr\/author\/jlandesmanrestaurantscanada-org\/"}]}},"_links":{"self":[{"href":"https:\/\/www.restaurantscanada.org\/fr\/wp-json\/wp\/v2\/posts\/5779","targetHints":{"allow":["GET"]}}],"collection":[{"href":"https:\/\/www.restaurantscanada.org\/fr\/wp-json\/wp\/v2\/posts"}],"about":[{"href":"https:\/\/www.restaurantscanada.org\/fr\/wp-json\/wp\/v2\/types\/post"}],"author":[{"embeddable":true,"href":"https:\/\/www.restaurantscanada.org\/fr\/wp-json\/wp\/v2\/users\/5"}],"replies":[{"embeddable":true,"href":"https:\/\/www.restaurantscanada.org\/fr\/wp-json\/wp\/v2\/comments?post=5779"}],"version-history":[{"count":0,"href":"https:\/\/www.restaurantscanada.org\/fr\/wp-json\/wp\/v2\/posts\/5779\/revisions"}],"wp:attachment":[{"href":"https:\/\/www.restaurantscanada.org\/fr\/wp-json\/wp\/v2\/media?parent=5779"}],"wp:term":[{"taxonomy":"category","embeddable":true,"href":"https:\/\/www.restaurantscanada.org\/fr\/wp-json\/wp\/v2\/categories?post=5779"},{"taxonomy":"post_tag","embeddable":true,"href":"https:\/\/www.restaurantscanada.org\/fr\/wp-json\/wp\/v2\/tags?post=5779"},{"taxonomy":"advocacy-issue","embeddable":true,"href":"https:\/\/www.restaurantscanada.org\/fr\/wp-json\/wp\/v2\/advocacy-issue?post=5779"},{"taxonomy":"news-region","embeddable":true,"href":"https:\/\/www.restaurantscanada.org\/fr\/wp-json\/wp\/v2\/news-region?post=5779"}],"curies":[{"name":"wp","href":"https:\/\/api.w.org\/{rel}","templated":true}]}}