{"id":7051,"date":"2026-01-14T12:30:00","date_gmt":"2026-01-14T17:30:00","guid":{"rendered":"https:\/\/www.restaurantscanada.org\/?p=7051"},"modified":"2026-01-14T10:42:19","modified_gmt":"2026-01-14T15:42:19","slug":"alberta-wine-tax-drives-up-prices-for-consumers-and-businesses-undermines-interprovincial-trade","status":"publish","type":"post","link":"https:\/\/www.restaurantscanada.org\/fr\/alberta-wine-tax-drives-up-prices-for-consumers-and-businesses-undermines-interprovincial-trade\/","title":{"rendered":"Alberta Wine Tax Drives Up Prices For Consumers and Businesses, Undermines Interprovincial Trade"},"content":{"rendered":"\n<p><strong>Calgary, Alberta: <\/strong>A coalition of industry associations representing Canadian wineries, restaurants, import agents, and Alberta retail and hospitality businesses are calling on the Government of Alberta to repeal its unfair and damaging ad valorem tax on wine.<\/p>\n\n\n\n<p>Implemented in 2025 without industry consultation, Alberta\u2019s wine tax is driving up prices for Alberta consumers and small businesses, hurting Canadian wineries, and directly contradicting federal and provincial efforts to reduce interprovincial trade barriers.<\/p>\n\n\n\n<p>Administered as an ad valorem markup structure through the Alberta Gaming, Liquor and Cannabis Commission (AGLC), Alberta\u2019s wine tax adds anescalating percentage-based markup on wine sold in Alberta on top of the flat tax markup. Restaurants, retailers, agents, and wine producers all strongly oppose the introduction of Ad Valorem markup pricing to Alberta\u2019s competitive flat tax markup system. The fees for the additional Alberta wine tax are 5% for wine valued between $15-20 per litre; 10% for any valued between $20-25 per litre; and 15% for $25 per litre and above. All wines over $11.25\/750ml bottle are impacted by the additional tax.<\/p>\n\n\n\n<figure class=\"wp-block-image size-large is-resized\"><img loading=\"lazy\" decoding=\"async\" width=\"1024\" height=\"430\" src=\"https:\/\/www.restaurantscanada.org\/wp-content\/uploads\/2026\/01\/image-1024x430.png\" alt=\"\" class=\"wp-image-7052\" style=\"width:900px\" srcset=\"https:\/\/www.restaurantscanada.org\/wp-content\/uploads\/2026\/01\/image-1024x430.png 1024w, https:\/\/www.restaurantscanada.org\/wp-content\/uploads\/2026\/01\/image-300x126.png 300w, https:\/\/www.restaurantscanada.org\/wp-content\/uploads\/2026\/01\/image-768x322.png 768w, https:\/\/www.restaurantscanada.org\/wp-content\/uploads\/2026\/01\/image-600x252.png 600w, https:\/\/www.restaurantscanada.org\/wp-content\/uploads\/2026\/01\/image.png 1423w\" sizes=\"auto, (max-width: 1024px) 100vw, 1024px\" \/><\/figure>\n\n\n\n<p class=\"has-small-font-size\"><em>*Wine pricing examples sourced from Metrovino Fine Wines<br>**Sold by producer direct to consumer only<\/em><\/p>\n\n\n\n<p>The new tax comes at a bad time when businesses are already having to absorb significant operating cost increases and as Albertans struggle with affordability. The policy also hurts Canadian wine producers&rsquo; ability to sell a wide variety of wines to Alberta consumers and contradicts the Alberta government\u2019s stated affordability policy priorities.<\/p>\n\n\n\n<p><strong>The Coalition is calling on the Government of Alberta to repeal the wine tax and engage constructively with industry to find a solution that supports Alberta consumers and businesses, respects interprovincial agreements, and upholds the spirit of free trade within Canada.<\/strong><\/p>\n\n\n\n<p><strong>A detailed backgrounder, including stakeholder statements and further context on the tax\u2019s impacts, is available at the link below.<\/strong><\/p>\n\n\n\n<p><a href=\"https:\/\/www.restaurantscanada.org\/wp-content\/uploads\/2026\/01\/Ad-Valorem-release-backgrounder-Jan-2026.docx-1.pdf\"><strong>Backgrounder<\/strong><\/a><strong><u><\/u><\/strong><\/p>\n\n\n\n<p><em>The Coalition comprises representatives from Wine Growers Canada, Wine Growers British Columbia, Alberta Hospitality Association, Alberta Liquor Store Association, Import Vintners &amp; Spirits Association and Restaurants Canada<\/em><strong>.<\/strong><\/p>\n\n\n\n<hr class=\"wp-block-separator has-alpha-channel-opacity is-style-dots\"\/>\n\n\n\n<h3 class=\"wp-block-heading\"><strong>Media Contacts:<\/strong><\/h3>\n\n\n\n<p><strong>Wine Growers British Columbia<\/strong><br>Kelly Josephson, Communications Director<br><a href=\"mailto:KJosephson@WineBC.com\">KJosephson@WineBC.com<\/a><br>C. 250.869.2476<\/p>\n\n\n\n<p><strong>Wine Growers Canada<\/strong><br>Caroline Henderson, Manager, Communications and Policy<br><a href=\"mailto:Caroline@WGCanada.ca\">Caroline@WGCanada.ca<\/a><br>C. 613.854.7732<\/p>\n\n\n\n<p><strong>Restaurants Canada<br><\/strong>Mark von Schellwitz, Vice President, Western Canada<br><a href=\"mailto:Mark@RestaurantsCanada.org\">Mark@RestaurantsCanada.org<\/a><br>C:\u00a0604-809-5719<\/p>\n\n\n\n<p><strong>Alberta Liquor Store Association<\/strong><br>Ivonne Martinez, President<br><a href=\"mailto:IvonneM@ALSAWeb.ca\">IvonneM@ALSAWeb.ca<\/a><br>780-977-7214<\/p>\n\n\n\n<p><strong>Alberta Hospitality Association<\/strong><br>Mona Pinder, Executive Director<br><a href=\"mailto:ED@AlbertaHospitalityAssociation.ca\">ED@AlbertaHospitalityAssociation.ca<\/a><br>C: 403.619.2402<\/p>\n\n\n\n<p><strong>Import Vintners &amp; Spirits Association<\/strong><br>Stacy Kyle, Executive Director\u00a0<br><a href=\"mailto:Stacy@IVSA.ca\">Stacy@IVSA.ca<\/a><\/p>\n\n\n\n<p><strong>Metrovino Fine Wines<br><\/strong>Al Drinkle, Partner<br><a href=\"mailto:Al@Metrovino.com\">Al@Metrovino.com<\/a><br>403.205.3356<\/p>\n\n\n\n<p><\/p>\n","protected":false},"excerpt":{"rendered":"<p>Calgary, Alberta: A coalition of industry associations representing Canadian wineries, restaurants, import agents, and Alberta retail and hospitality&#8230;<\/p>\n","protected":false},"author":5,"featured_media":7054,"comment_status":"open","ping_status":"open","sticky":false,"template":"","format":"standard","meta":{"_acf_changed":false,"footnotes":""},"categories":[1,82],"tags":[93,409],"advocacy-issue":[337],"news-region":[28],"class_list":["post-7051","post","type-post","status-publish","format-standard","has-post-thumbnail","hentry","category-news","category-press","tag-taxes-and-fees","tag-wine","advocacy-issue-cost-relief","news-region-alberta"],"acf":[],"yoast_head":"<!-- This site is optimized with the Yoast SEO plugin v27.0 - https:\/\/yoast.com\/product\/yoast-seo-wordpress\/ -->\n<title>Alberta Wine Tax Drives Up Prices For Consumers and Businesses, Undermines Interprovincial Trade - Restaurants Canada<\/title>\n<meta name=\"robots\" content=\"index, follow, max-snippet:-1, max-image-preview:large, max-video-preview:-1\" \/>\n<link rel=\"canonical\" href=\"https:\/\/www.restaurantscanada.org\/alberta-wine-tax-drives-up-prices-for-consumers-and-businesses-undermines-interprovincial-trade\/\" \/>\n<meta property=\"og:locale\" content=\"fr_FR\" \/>\n<meta property=\"og:type\" content=\"article\" \/>\n<meta property=\"og:title\" content=\"Alberta Wine Tax Drives Up Prices For Consumers and Businesses, Undermines Interprovincial Trade - Restaurants Canada\" \/>\n<meta property=\"og:description\" content=\"Calgary, Alberta: A coalition of industry associations representing Canadian wineries, restaurants, import agents, and Alberta retail and hospitality...\" \/>\n<meta property=\"og:url\" content=\"https:\/\/www.restaurantscanada.org\/alberta-wine-tax-drives-up-prices-for-consumers-and-businesses-undermines-interprovincial-trade\/\" \/>\n<meta property=\"og:site_name\" content=\"Restaurants Canada\" \/>\n<meta property=\"article:publisher\" content=\"https:\/\/www.facebook.com\/RestaurantsCanada\" \/>\n<meta property=\"article:published_time\" content=\"2026-01-14T17:30:00+00:00\" \/>\n<meta property=\"og:image\" content=\"https:\/\/www.restaurantscanada.org\/wp-content\/uploads\/2026\/01\/iStock-2203384043.jpg\" \/>\n\t<meta property=\"og:image:width\" content=\"2121\" \/>\n\t<meta property=\"og:image:height\" content=\"1414\" \/>\n\t<meta property=\"og:image:type\" content=\"image\/jpeg\" \/>\n<meta name=\"author\" content=\"Jess Landesman\" \/>\n<meta name=\"twitter:card\" content=\"summary_large_image\" \/>\n<meta name=\"twitter:creator\" content=\"@RestaurantsCA\" \/>\n<meta name=\"twitter:site\" content=\"@RestaurantsCA\" \/>\n<meta name=\"twitter:label1\" content=\"\u00c9crit par\" \/>\n\t<meta name=\"twitter:data1\" content=\"Jess Landesman\" \/>\n\t<meta name=\"twitter:label2\" content=\"Dur\u00e9e de lecture estim\u00e9e\" \/>\n\t<meta name=\"twitter:data2\" content=\"2 minutes\" \/>\n<script type=\"application\/ld+json\" class=\"yoast-schema-graph\">{\"@context\":\"https:\/\/schema.org\",\"@graph\":[{\"@type\":\"Article\",\"@id\":\"https:\/\/www.restaurantscanada.org\/alberta-wine-tax-drives-up-prices-for-consumers-and-businesses-undermines-interprovincial-trade\/#article\",\"isPartOf\":{\"@id\":\"https:\/\/www.restaurantscanada.org\/alberta-wine-tax-drives-up-prices-for-consumers-and-businesses-undermines-interprovincial-trade\/\"},\"author\":{\"name\":\"Jess Landesman\",\"@id\":\"https:\/\/www.restaurantscanada.org\/#\/schema\/person\/ed39abb621816077257a61b0cce3b8ed\"},\"headline\":\"Alberta Wine Tax Drives Up Prices For Consumers and Businesses, Undermines Interprovincial Trade\",\"datePublished\":\"2026-01-14T17:30:00+00:00\",\"mainEntityOfPage\":{\"@id\":\"https:\/\/www.restaurantscanada.org\/alberta-wine-tax-drives-up-prices-for-consumers-and-businesses-undermines-interprovincial-trade\/\"},\"wordCount\":427,\"commentCount\":0,\"publisher\":{\"@id\":\"https:\/\/www.restaurantscanada.org\/#organization\"},\"image\":{\"@id\":\"https:\/\/www.restaurantscanada.org\/alberta-wine-tax-drives-up-prices-for-consumers-and-businesses-undermines-interprovincial-trade\/#primaryimage\"},\"thumbnailUrl\":\"https:\/\/www.restaurantscanada.org\/wp-content\/uploads\/2026\/01\/iStock-2203384043.jpg\",\"keywords\":[\"Taxes and Fees\",\"wine\"],\"articleSection\":[\"News\",\"Press\"],\"inLanguage\":\"fr-FR\",\"potentialAction\":[{\"@type\":\"CommentAction\",\"name\":\"Comment\",\"target\":[\"https:\/\/www.restaurantscanada.org\/alberta-wine-tax-drives-up-prices-for-consumers-and-businesses-undermines-interprovincial-trade\/#respond\"]}]},{\"@type\":\"WebPage\",\"@id\":\"https:\/\/www.restaurantscanada.org\/alberta-wine-tax-drives-up-prices-for-consumers-and-businesses-undermines-interprovincial-trade\/\",\"url\":\"https:\/\/www.restaurantscanada.org\/alberta-wine-tax-drives-up-prices-for-consumers-and-businesses-undermines-interprovincial-trade\/\",\"name\":\"Alberta Wine Tax Drives Up Prices For Consumers and Businesses, Undermines Interprovincial Trade - Restaurants Canada\",\"isPartOf\":{\"@id\":\"https:\/\/www.restaurantscanada.org\/#website\"},\"primaryImageOfPage\":{\"@id\":\"https:\/\/www.restaurantscanada.org\/alberta-wine-tax-drives-up-prices-for-consumers-and-businesses-undermines-interprovincial-trade\/#primaryimage\"},\"image\":{\"@id\":\"https:\/\/www.restaurantscanada.org\/alberta-wine-tax-drives-up-prices-for-consumers-and-businesses-undermines-interprovincial-trade\/#primaryimage\"},\"thumbnailUrl\":\"https:\/\/www.restaurantscanada.org\/wp-content\/uploads\/2026\/01\/iStock-2203384043.jpg\",\"datePublished\":\"2026-01-14T17:30:00+00:00\",\"breadcrumb\":{\"@id\":\"https:\/\/www.restaurantscanada.org\/alberta-wine-tax-drives-up-prices-for-consumers-and-businesses-undermines-interprovincial-trade\/#breadcrumb\"},\"inLanguage\":\"fr-FR\",\"potentialAction\":[{\"@type\":\"ReadAction\",\"target\":[\"https:\/\/www.restaurantscanada.org\/alberta-wine-tax-drives-up-prices-for-consumers-and-businesses-undermines-interprovincial-trade\/\"]}]},{\"@type\":\"ImageObject\",\"inLanguage\":\"fr-FR\",\"@id\":\"https:\/\/www.restaurantscanada.org\/alberta-wine-tax-drives-up-prices-for-consumers-and-businesses-undermines-interprovincial-trade\/#primaryimage\",\"url\":\"https:\/\/www.restaurantscanada.org\/wp-content\/uploads\/2026\/01\/iStock-2203384043.jpg\",\"contentUrl\":\"https:\/\/www.restaurantscanada.org\/wp-content\/uploads\/2026\/01\/iStock-2203384043.jpg\",\"width\":2121,\"height\":1414,\"caption\":\"Sommelier closely inspects label of wine bottle he has selected from shelf lined with various bottles in well-stocked cellar, ensuring its vintage and origin meet his criteria.\"},{\"@type\":\"BreadcrumbList\",\"@id\":\"https:\/\/www.restaurantscanada.org\/alberta-wine-tax-drives-up-prices-for-consumers-and-businesses-undermines-interprovincial-trade\/#breadcrumb\",\"itemListElement\":[{\"@type\":\"ListItem\",\"position\":1,\"name\":\"Home\",\"item\":\"https:\/\/www.restaurantscanada.org\/fr\/\"},{\"@type\":\"ListItem\",\"position\":2,\"name\":\"Alberta Wine Tax Drives Up Prices For Consumers and Businesses, Undermines Interprovincial Trade\"}]},{\"@type\":\"WebSite\",\"@id\":\"https:\/\/www.restaurantscanada.org\/#website\",\"url\":\"https:\/\/www.restaurantscanada.org\/\",\"name\":\"Restaurants Canada\",\"description\":\"La voix des services alimentaires\",\"publisher\":{\"@id\":\"https:\/\/www.restaurantscanada.org\/#organization\"},\"potentialAction\":[{\"@type\":\"SearchAction\",\"target\":{\"@type\":\"EntryPoint\",\"urlTemplate\":\"https:\/\/www.restaurantscanada.org\/?s={search_term_string}\"},\"query-input\":{\"@type\":\"PropertyValueSpecification\",\"valueRequired\":true,\"valueName\":\"search_term_string\"}}],\"inLanguage\":\"fr-FR\"},{\"@type\":\"Organization\",\"@id\":\"https:\/\/www.restaurantscanada.org\/#organization\",\"name\":\"Restaurants Canada\",\"alternateName\":\"RC\",\"url\":\"https:\/\/www.restaurantscanada.org\/\",\"logo\":{\"@type\":\"ImageObject\",\"inLanguage\":\"fr-FR\",\"@id\":\"https:\/\/www.restaurantscanada.org\/#\/schema\/logo\/image\/\",\"url\":\"https:\/\/rcsparkdev.wpenginepowered.com\/wp-content\/uploads\/2024\/01\/rc-brand-colour.svg\",\"contentUrl\":\"https:\/\/rcsparkdev.wpenginepowered.com\/wp-content\/uploads\/2024\/01\/rc-brand-colour.svg\",\"width\":1,\"height\":1,\"caption\":\"Restaurants Canada\"},\"image\":{\"@id\":\"https:\/\/www.restaurantscanada.org\/#\/schema\/logo\/image\/\"},\"sameAs\":[\"https:\/\/www.facebook.com\/RestaurantsCanada\",\"https:\/\/x.com\/RestaurantsCA\"]},{\"@type\":\"Person\",\"@id\":\"https:\/\/www.restaurantscanada.org\/#\/schema\/person\/ed39abb621816077257a61b0cce3b8ed\",\"name\":\"Jess Landesman\",\"image\":{\"@type\":\"ImageObject\",\"inLanguage\":\"fr-FR\",\"@id\":\"https:\/\/www.restaurantscanada.org\/#\/schema\/person\/image\/\",\"url\":\"https:\/\/secure.gravatar.com\/avatar\/0edc82a9582fb686c9dca33704df7e3ff392cda36548e4cf6b190ae33e7545f1?s=96&d=mm&r=g\",\"contentUrl\":\"https:\/\/secure.gravatar.com\/avatar\/0edc82a9582fb686c9dca33704df7e3ff392cda36548e4cf6b190ae33e7545f1?s=96&d=mm&r=g\",\"caption\":\"Jess Landesman\"},\"url\":\"https:\/\/www.restaurantscanada.org\/fr\/author\/jlandesmanrestaurantscanada-org\/\"}]}<\/script>\n<!-- \/ Yoast SEO plugin. -->","yoast_head_json":{"title":"Alberta Wine Tax Drives Up Prices For Consumers and Businesses, Undermines Interprovincial Trade - Restaurants Canada","robots":{"index":"index","follow":"follow","max-snippet":"max-snippet:-1","max-image-preview":"max-image-preview:large","max-video-preview":"max-video-preview:-1"},"canonical":"https:\/\/www.restaurantscanada.org\/alberta-wine-tax-drives-up-prices-for-consumers-and-businesses-undermines-interprovincial-trade\/","og_locale":"fr_FR","og_type":"article","og_title":"Alberta Wine Tax Drives Up Prices For Consumers and Businesses, Undermines Interprovincial Trade - Restaurants Canada","og_description":"Calgary, Alberta: A coalition of industry associations representing Canadian wineries, restaurants, import agents, and Alberta retail and hospitality...","og_url":"https:\/\/www.restaurantscanada.org\/alberta-wine-tax-drives-up-prices-for-consumers-and-businesses-undermines-interprovincial-trade\/","og_site_name":"Restaurants Canada","article_publisher":"https:\/\/www.facebook.com\/RestaurantsCanada","article_published_time":"2026-01-14T17:30:00+00:00","og_image":[{"width":2121,"height":1414,"url":"https:\/\/www.restaurantscanada.org\/wp-content\/uploads\/2026\/01\/iStock-2203384043.jpg","type":"image\/jpeg"}],"author":"Jess Landesman","twitter_card":"summary_large_image","twitter_creator":"@RestaurantsCA","twitter_site":"@RestaurantsCA","twitter_misc":{"\u00c9crit par":"Jess Landesman","Dur\u00e9e de lecture estim\u00e9e":"2 minutes"},"schema":{"@context":"https:\/\/schema.org","@graph":[{"@type":"Article","@id":"https:\/\/www.restaurantscanada.org\/alberta-wine-tax-drives-up-prices-for-consumers-and-businesses-undermines-interprovincial-trade\/#article","isPartOf":{"@id":"https:\/\/www.restaurantscanada.org\/alberta-wine-tax-drives-up-prices-for-consumers-and-businesses-undermines-interprovincial-trade\/"},"author":{"name":"Jess Landesman","@id":"https:\/\/www.restaurantscanada.org\/#\/schema\/person\/ed39abb621816077257a61b0cce3b8ed"},"headline":"Alberta Wine Tax Drives Up Prices For Consumers and Businesses, Undermines Interprovincial Trade","datePublished":"2026-01-14T17:30:00+00:00","mainEntityOfPage":{"@id":"https:\/\/www.restaurantscanada.org\/alberta-wine-tax-drives-up-prices-for-consumers-and-businesses-undermines-interprovincial-trade\/"},"wordCount":427,"commentCount":0,"publisher":{"@id":"https:\/\/www.restaurantscanada.org\/#organization"},"image":{"@id":"https:\/\/www.restaurantscanada.org\/alberta-wine-tax-drives-up-prices-for-consumers-and-businesses-undermines-interprovincial-trade\/#primaryimage"},"thumbnailUrl":"https:\/\/www.restaurantscanada.org\/wp-content\/uploads\/2026\/01\/iStock-2203384043.jpg","keywords":["Taxes and Fees","wine"],"articleSection":["News","Press"],"inLanguage":"fr-FR","potentialAction":[{"@type":"CommentAction","name":"Comment","target":["https:\/\/www.restaurantscanada.org\/alberta-wine-tax-drives-up-prices-for-consumers-and-businesses-undermines-interprovincial-trade\/#respond"]}]},{"@type":"WebPage","@id":"https:\/\/www.restaurantscanada.org\/alberta-wine-tax-drives-up-prices-for-consumers-and-businesses-undermines-interprovincial-trade\/","url":"https:\/\/www.restaurantscanada.org\/alberta-wine-tax-drives-up-prices-for-consumers-and-businesses-undermines-interprovincial-trade\/","name":"Alberta Wine Tax Drives Up Prices For Consumers and Businesses, Undermines Interprovincial Trade - Restaurants Canada","isPartOf":{"@id":"https:\/\/www.restaurantscanada.org\/#website"},"primaryImageOfPage":{"@id":"https:\/\/www.restaurantscanada.org\/alberta-wine-tax-drives-up-prices-for-consumers-and-businesses-undermines-interprovincial-trade\/#primaryimage"},"image":{"@id":"https:\/\/www.restaurantscanada.org\/alberta-wine-tax-drives-up-prices-for-consumers-and-businesses-undermines-interprovincial-trade\/#primaryimage"},"thumbnailUrl":"https:\/\/www.restaurantscanada.org\/wp-content\/uploads\/2026\/01\/iStock-2203384043.jpg","datePublished":"2026-01-14T17:30:00+00:00","breadcrumb":{"@id":"https:\/\/www.restaurantscanada.org\/alberta-wine-tax-drives-up-prices-for-consumers-and-businesses-undermines-interprovincial-trade\/#breadcrumb"},"inLanguage":"fr-FR","potentialAction":[{"@type":"ReadAction","target":["https:\/\/www.restaurantscanada.org\/alberta-wine-tax-drives-up-prices-for-consumers-and-businesses-undermines-interprovincial-trade\/"]}]},{"@type":"ImageObject","inLanguage":"fr-FR","@id":"https:\/\/www.restaurantscanada.org\/alberta-wine-tax-drives-up-prices-for-consumers-and-businesses-undermines-interprovincial-trade\/#primaryimage","url":"https:\/\/www.restaurantscanada.org\/wp-content\/uploads\/2026\/01\/iStock-2203384043.jpg","contentUrl":"https:\/\/www.restaurantscanada.org\/wp-content\/uploads\/2026\/01\/iStock-2203384043.jpg","width":2121,"height":1414,"caption":"Sommelier closely inspects label of wine bottle he has selected from shelf lined with various bottles in well-stocked cellar, ensuring its vintage and origin meet his criteria."},{"@type":"BreadcrumbList","@id":"https:\/\/www.restaurantscanada.org\/alberta-wine-tax-drives-up-prices-for-consumers-and-businesses-undermines-interprovincial-trade\/#breadcrumb","itemListElement":[{"@type":"ListItem","position":1,"name":"Home","item":"https:\/\/www.restaurantscanada.org\/fr\/"},{"@type":"ListItem","position":2,"name":"Alberta Wine Tax Drives Up Prices For Consumers and Businesses, Undermines Interprovincial Trade"}]},{"@type":"WebSite","@id":"https:\/\/www.restaurantscanada.org\/#website","url":"https:\/\/www.restaurantscanada.org\/","name":"Restaurants Canada","description":"La voix des services alimentaires","publisher":{"@id":"https:\/\/www.restaurantscanada.org\/#organization"},"potentialAction":[{"@type":"SearchAction","target":{"@type":"EntryPoint","urlTemplate":"https:\/\/www.restaurantscanada.org\/?s={search_term_string}"},"query-input":{"@type":"PropertyValueSpecification","valueRequired":true,"valueName":"search_term_string"}}],"inLanguage":"fr-FR"},{"@type":"Organization","@id":"https:\/\/www.restaurantscanada.org\/#organization","name":"Restaurants Canada","alternateName":"RC","url":"https:\/\/www.restaurantscanada.org\/","logo":{"@type":"ImageObject","inLanguage":"fr-FR","@id":"https:\/\/www.restaurantscanada.org\/#\/schema\/logo\/image\/","url":"https:\/\/rcsparkdev.wpenginepowered.com\/wp-content\/uploads\/2024\/01\/rc-brand-colour.svg","contentUrl":"https:\/\/rcsparkdev.wpenginepowered.com\/wp-content\/uploads\/2024\/01\/rc-brand-colour.svg","width":1,"height":1,"caption":"Restaurants Canada"},"image":{"@id":"https:\/\/www.restaurantscanada.org\/#\/schema\/logo\/image\/"},"sameAs":["https:\/\/www.facebook.com\/RestaurantsCanada","https:\/\/x.com\/RestaurantsCA"]},{"@type":"Person","@id":"https:\/\/www.restaurantscanada.org\/#\/schema\/person\/ed39abb621816077257a61b0cce3b8ed","name":"Jess Landesman","image":{"@type":"ImageObject","inLanguage":"fr-FR","@id":"https:\/\/www.restaurantscanada.org\/#\/schema\/person\/image\/","url":"https:\/\/secure.gravatar.com\/avatar\/0edc82a9582fb686c9dca33704df7e3ff392cda36548e4cf6b190ae33e7545f1?s=96&d=mm&r=g","contentUrl":"https:\/\/secure.gravatar.com\/avatar\/0edc82a9582fb686c9dca33704df7e3ff392cda36548e4cf6b190ae33e7545f1?s=96&d=mm&r=g","caption":"Jess Landesman"},"url":"https:\/\/www.restaurantscanada.org\/fr\/author\/jlandesmanrestaurantscanada-org\/"}]}},"_links":{"self":[{"href":"https:\/\/www.restaurantscanada.org\/fr\/wp-json\/wp\/v2\/posts\/7051","targetHints":{"allow":["GET"]}}],"collection":[{"href":"https:\/\/www.restaurantscanada.org\/fr\/wp-json\/wp\/v2\/posts"}],"about":[{"href":"https:\/\/www.restaurantscanada.org\/fr\/wp-json\/wp\/v2\/types\/post"}],"author":[{"embeddable":true,"href":"https:\/\/www.restaurantscanada.org\/fr\/wp-json\/wp\/v2\/users\/5"}],"replies":[{"embeddable":true,"href":"https:\/\/www.restaurantscanada.org\/fr\/wp-json\/wp\/v2\/comments?post=7051"}],"version-history":[{"count":0,"href":"https:\/\/www.restaurantscanada.org\/fr\/wp-json\/wp\/v2\/posts\/7051\/revisions"}],"wp:featuredmedia":[{"embeddable":true,"href":"https:\/\/www.restaurantscanada.org\/fr\/wp-json\/wp\/v2\/media\/7054"}],"wp:attachment":[{"href":"https:\/\/www.restaurantscanada.org\/fr\/wp-json\/wp\/v2\/media?parent=7051"}],"wp:term":[{"taxonomy":"category","embeddable":true,"href":"https:\/\/www.restaurantscanada.org\/fr\/wp-json\/wp\/v2\/categories?post=7051"},{"taxonomy":"post_tag","embeddable":true,"href":"https:\/\/www.restaurantscanada.org\/fr\/wp-json\/wp\/v2\/tags?post=7051"},{"taxonomy":"advocacy-issue","embeddable":true,"href":"https:\/\/www.restaurantscanada.org\/fr\/wp-json\/wp\/v2\/advocacy-issue?post=7051"},{"taxonomy":"news-region","embeddable":true,"href":"https:\/\/www.restaurantscanada.org\/fr\/wp-json\/wp\/v2\/news-region?post=7051"}],"curies":[{"name":"wp","href":"https:\/\/api.w.org\/{rel}","templated":true}]}}